{"id":1110,"date":"2021-10-12T14:43:33","date_gmt":"2021-10-12T14:43:33","guid":{"rendered":"https:\/\/zspbierdzany.pl\/?p=1110"},"modified":"2021-10-12T14:43:33","modified_gmt":"2021-10-12T14:43:33","slug":"wybory-do-samorzadu-uczniowskiego","status":"publish","type":"post","link":"https:\/\/zspbierdzany.pl\/index.php\/2021\/10\/12\/wybory-do-samorzadu-uczniowskiego\/","title":{"rendered":"Wybory do Samorz\u0105du Uczniowskiego"},"content":{"rendered":"<p>W czwartek 28 wrze\u015bnia odby\u0142y si\u0119 demokratyczne wybory w\u0142adz Samorz\u0105du Uczniowskiego naszej szko\u0142y. Uczniowie z uwag\u0105 wys\u0142uchali wytycznych dotycz\u0105cych wype\u0142nienia kart do g\u0142osowania, dzi\u0119ki czemu wszystkie g\u0142osy by\u0142y wa\u017cne.<\/p>\n<p><strong>Przedstawiamy nowy sk\u0142ad Samorz\u0105du Uczniowskiego:<\/strong><br \/>\nPrzewodnicz\u0105cy &#8211; Szymon Wilk<br \/>\nZast\u0119pca &#8211; Laura Wieszo\u0142ek<br \/>\nCz\u0142onkowie SU &#8211; Daria Mocigemba, Jakub Kotynia<br \/>\nGratulujemy nowym w\u0142adzom SU oraz \u017cyczymy owocnej pracy na rzecz szko\u0142y!<\/p>\n<p>Opiekunem SU pozostaje pan Marcin Robak, a Rzecznikiem Praw Ucznia zosta\u0142a pani Katarzyna Margos.<\/p>\n<div id='gallery-1' class='gallery galleryid-1110 gallery-columns-3 gallery-size-thumbnail'><figure class='gallery-item'>\n\t\t\t<div class='gallery-icon landscape'>\n\t\t\t\t<a href='https:\/\/zspbierdzany.pl\/index.php\/2021\/10\/12\/wybory-do-samorzadu-uczniowskiego\/pxl_20210928_094730863-mp\/'><img loading=\"lazy\" decoding=\"async\" width=\"150\" height=\"150\" src=\"https:\/\/zspbierdzany.pl\/wp-content\/uploads\/2021\/10\/PXL_20210928_094730863.MP_-150x150.jpg\" class=\"attachment-thumbnail size-thumbnail\" alt=\"\" sizes=\"(max-width: 34.9rem) calc(100vw - 2rem), (max-width: 53rem) calc(8 * (100vw \/ 12)), (min-width: 53rem) calc(6 * (100vw \/ 12)), 100vw\" \/><\/a>\n\t\t\t<\/div><\/figure><figure class='gallery-item'>\n\t\t\t<div class='gallery-icon landscape'>\n\t\t\t\t<a href='https:\/\/zspbierdzany.pl\/index.php\/2021\/10\/12\/wybory-do-samorzadu-uczniowskiego\/pxl_20210928_094729077\/'><img loading=\"lazy\" decoding=\"async\" width=\"150\" height=\"150\" src=\"https:\/\/zspbierdzany.pl\/wp-content\/uploads\/2021\/10\/PXL_20210928_094729077-150x150.jpg\" class=\"attachment-thumbnail size-thumbnail\" alt=\"\" sizes=\"(max-width: 34.9rem) calc(100vw - 2rem), (max-width: 53rem) calc(8 * (100vw \/ 12)), (min-width: 53rem) calc(6 * (100vw \/ 12)), 100vw\" \/><\/a>\n\t\t\t<\/div><\/figure><figure class='gallery-item'>\n\t\t\t<div class='gallery-icon landscape'>\n\t\t\t\t<a href='https:\/\/zspbierdzany.pl\/index.php\/2021\/10\/12\/wybory-do-samorzadu-uczniowskiego\/pxl_20210928_095120192\/'><img loading=\"lazy\" decoding=\"async\" width=\"150\" height=\"150\" src=\"https:\/\/zspbierdzany.pl\/wp-content\/uploads\/2021\/10\/PXL_20210928_095120192-150x150.jpg\" class=\"attachment-thumbnail size-thumbnail\" alt=\"\" sizes=\"(max-width: 34.9rem) calc(100vw - 2rem), (max-width: 53rem) calc(8 * (100vw \/ 12)), (min-width: 53rem) calc(6 * (100vw \/ 12)), 100vw\" \/><\/a>\n\t\t\t<\/div><\/figure>\n\t\t<\/div>\n\n","protected":false},"excerpt":{"rendered":"<p>W czwartek 28 wrze\u015bnia odby\u0142y si\u0119 demokratyczne wybory w\u0142adz Samorz\u0105du Uczniowskiego naszej szko\u0142y. Uczniowie z uwag\u0105 wys\u0142uchali wytycznych dotycz\u0105cych wype\u0142nienia kart do g\u0142osowania, dzi\u0119ki czemu wszystkie g\u0142osy by\u0142y wa\u017cne. Przedstawiamy nowy sk\u0142ad Samorz\u0105du Uczniowskiego: Przewodnicz\u0105cy &#8211; Szymon Wilk Zast\u0119pca &#8211; Laura Wieszo\u0142ek Cz\u0142onkowie SU &#8211; Daria Mocigemba, Jakub Kotynia Gratulujemy nowym w\u0142adzom SU oraz \u017cyczymy &hellip; <\/p>\n<p class=\"link-more\"><a href=\"https:\/\/zspbierdzany.pl\/index.php\/2021\/10\/12\/wybory-do-samorzadu-uczniowskiego\/\" class=\"more-link\">Czytaj dalej<span class=\"screen-reader-text\"> Wybory do Samorz\u0105du Uczniowskiego<\/span><\/a><\/p>\n","protected":false},"author":2,"featured_media":0,"comment_status":"open","ping_status":"open","sticky":false,"template":"","format":"standard","meta":{"footnotes":""},"categories":[1],"tags":[],"_links":{"self":[{"href":"https:\/\/zspbierdzany.pl\/index.php\/wp-json\/wp\/v2\/posts\/1110"}],"collection":[{"href":"https:\/\/zspbierdzany.pl\/index.php\/wp-json\/wp\/v2\/posts"}],"about":[{"href":"https:\/\/zspbierdzany.pl\/index.php\/wp-json\/wp\/v2\/types\/post"}],"author":[{"embeddable":true,"href":"https:\/\/zspbierdzany.pl\/index.php\/wp-json\/wp\/v2\/users\/2"}],"replies":[{"embeddable":true,"href":"https:\/\/zspbierdzany.pl\/index.php\/wp-json\/wp\/v2\/comments?post=1110"}],"version-history":[{"count":3,"href":"https:\/\/zspbierdzany.pl\/index.php\/wp-json\/wp\/v2\/posts\/1110\/revisions"}],"predecessor-version":[{"id":1122,"href":"https:\/\/zspbierdzany.pl\/index.php\/wp-json\/wp\/v2\/posts\/1110\/revisions\/1122"}],"wp:attachment":[{"href":"https:\/\/zspbierdzany.pl\/index.php\/wp-json\/wp\/v2\/media?parent=1110"}],"wp:term":[{"taxonomy":"category","embeddable":true,"href":"https:\/\/zspbierdzany.pl\/index.php\/wp-json\/wp\/v2\/categories?post=1110"},{"taxonomy":"post_tag","embeddable":true,"href":"https:\/\/zspbierdzany.pl\/index.php\/wp-json\/wp\/v2\/tags?post=1110"}],"curies":[{"name":"wp","href":"https:\/\/api.w.org\/{rel}","templated":true}]}}