{"id":1147,"date":"2021-10-23T10:28:28","date_gmt":"2021-10-23T10:28:28","guid":{"rendered":"https:\/\/zspbierdzany.pl\/?p=1147"},"modified":"2021-10-23T10:39:28","modified_gmt":"2021-10-23T10:39:28","slug":"gminny-konkurs-plastyczny","status":"publish","type":"post","link":"https:\/\/zspbierdzany.pl\/index.php\/2021\/10\/23\/gminny-konkurs-plastyczny\/","title":{"rendered":"Gminny Konkurs Plastyczny dla klas 1-3"},"content":{"rendered":"<h3 style=\"text-align: center;\"><span style=\"color: #ff6600;\">Publiczna Szko\u0142a Podstawowa w Bierdzanach<\/span><br \/>\n<span style=\"color: #ff6600;\">zaprasza do udzia\u0142u w gminnym konkursie<\/span><br \/>\n<span style=\"color: #ff6600;\">\u201eZielony, \u017c\u00f3\u0142ty, rudy, br\u0105zowy\u201d \u2013 plastyczna interpretacja wiersza Ma\u0142gorzaty Strza\u0142kowskiej<\/span><\/h3>\n<p>Cele konkursu:<\/p>\n<p>&#8211; uwra\u017cliwianie na pi\u0119kno j\u0119zyka poetyckiego;<br \/>\n&#8211; popularyzacja poezji polskiej;<br \/>\n&#8211; rozwijanie umiej\u0119tno\u015bci interpretowania poezji oraz wyra\u017cania jej odbioru w formie pracy plastycznej;<br \/>\n&#8211; rozbudzanie kreatywno\u015bci i tw\u00f3rczej inwencji uczestnik\u00f3w konkursu<\/p>\n<p>Zasady konkursu:<\/p>\n<ol>\n<li>Czas trwania konkursu: 18-31.10.2021 r.<\/li>\n<li>Konkurs przeznaczony jest dla uczni\u00f3w klas 1-3.<\/li>\n<li>Format prac \u2013 A-4.<\/li>\n<li>Technika prac dowolna-p\u0142aska.<\/li>\n<li>Prace powinny by\u0107 zaopatrzone na odwrocie za\u0142\u0105cznikami nr 1 i nr 2 oraz czyteln\u0105 metryczk\u0105 zawieraj\u0105c\u0105 informacje:<\/li>\n<\/ol>\n<p>&#8211; imi\u0119 i nazwisko autora pracy;<br \/>\n&#8211; klasa;<br \/>\n&#8211; adres, telefon, e-mail plac\u00f3wki;<br \/>\n&#8211; imi\u0119 i nazwisko nauczyciela kieruj\u0105cego prac\u0119 na konkurs<\/p>\n<ol start=\"6\">\n<li>Prace nale\u017cy przes\u0142a\u0107 (lub przekaza\u0107) na adres:<\/li>\n<\/ol>\n<p>Publiczna Szko\u0142a Podstawowa w Bierdzanach<\/p>\n<ol>\n<li>Szkolna 1<\/li>\n<\/ol>\n<p>46-046 Bierdzany<\/p>\n<p>z dopiskiem <strong>\u201eKonkurs plastyczny\u201d<\/strong><\/p>\n<p><u>do dnia 31.10.2021 r.<\/u><\/p>\n<ol start=\"7\">\n<li>Oceny prac dokona powo\u0142ane przez organizatora jury.<\/li>\n<li>G\u0142\u00f3wne kryteria brane pod uwag\u0119 przy ocenie prac to:<\/li>\n<\/ol>\n<p>&#8211; zgodno\u015b\u0107 z tematem konkursu;<br \/>\n&#8211; oryginalno\u015b\u0107 uj\u0119cia tematu i pomys\u0142owo\u015b\u0107;<br \/>\n&#8211; walory artystyczne i estetyczne;<\/p>\n<ol start=\"9\">\n<li>W konkursie przewidziano nagrody za I miejsce, II miejsce i III miejsce oraz wyr\u00f3\u017cnienia.<\/li>\n<li>Dyplomy dla uczestnik\u00f3w konkursu, upominki dla laureat\u00f3w oraz podzi\u0119kowania dla nauczycieli zostan\u0105 przes\u0142ane poczt\u0105 na adres szko\u0142y.<\/li>\n<li>Prace nie b\u0119d\u0105 zwracane i przechodz\u0105 na w\u0142asno\u015b\u0107 organizatora. Zastrzegamy sobie prawo do wykorzystania ich w celu promocji konkursu i plac\u00f3wki.<\/li>\n<li>Wyniki konkursu zostan\u0105 og\u0142oszone do dn. 10.11.2021 r. i zamieszczone na stronie internetowej szko\u0142y.\n<p><a href=\"https:\/\/zspbierdzany.pl\/wp-content\/uploads\/2021\/10\/wiersz.docx\" target=\"_blank\" rel=\"noopener\">Wiersz<\/a><br \/>\n<a href=\"https:\/\/zspbierdzany.pl\/wp-content\/uploads\/2021\/10\/Zalacznik-nr-1-do-regulaminu.docx\" target=\"_blank\" rel=\"noopener\">Za\u0142\u0105cznik nr 1 do regulaminu<\/a><br \/>\n<a href=\"https:\/\/zspbierdzany.pl\/wp-content\/uploads\/2021\/10\/Zalacznik-nr-2-do-regulaminu.docx\" target=\"_blank\" rel=\"noopener\">Za\u0142\u0105cznik nr 2 do regulaminu<\/a><\/li>\n<\/ol>\n","protected":false},"excerpt":{"rendered":"<p>Publiczna Szko\u0142a Podstawowa w Bierdzanach zaprasza do udzia\u0142u w gminnym konkursie \u201eZielony, \u017c\u00f3\u0142ty, rudy, br\u0105zowy\u201d \u2013 plastyczna interpretacja wiersza Ma\u0142gorzaty Strza\u0142kowskiej Cele konkursu: &#8211; uwra\u017cliwianie na pi\u0119kno j\u0119zyka poetyckiego; &#8211; popularyzacja poezji polskiej; &#8211; rozwijanie umiej\u0119tno\u015bci interpretowania poezji oraz wyra\u017cania jej odbioru w formie pracy plastycznej; &#8211; rozbudzanie kreatywno\u015bci i tw\u00f3rczej inwencji uczestnik\u00f3w konkursu Zasady &hellip; <\/p>\n<p class=\"link-more\"><a href=\"https:\/\/zspbierdzany.pl\/index.php\/2021\/10\/23\/gminny-konkurs-plastyczny\/\" class=\"more-link\">Czytaj dalej<span class=\"screen-reader-text\"> Gminny Konkurs Plastyczny dla klas 1-3<\/span><\/a><\/p>\n","protected":false},"author":2,"featured_media":1161,"comment_status":"open","ping_status":"open","sticky":false,"template":"","format":"standard","meta":{"footnotes":""},"categories":[1],"tags":[],"_links":{"self":[{"href":"https:\/\/zspbierdzany.pl\/index.php\/wp-json\/wp\/v2\/posts\/1147"}],"collection":[{"href":"https:\/\/zspbierdzany.pl\/index.php\/wp-json\/wp\/v2\/posts"}],"about":[{"href":"https:\/\/zspbierdzany.pl\/index.php\/wp-json\/wp\/v2\/types\/post"}],"author":[{"embeddable":true,"href":"https:\/\/zspbierdzany.pl\/index.php\/wp-json\/wp\/v2\/users\/2"}],"replies":[{"embeddable":true,"href":"https:\/\/zspbierdzany.pl\/index.php\/wp-json\/wp\/v2\/comments?post=1147"}],"version-history":[{"count":9,"href":"https:\/\/zspbierdzany.pl\/index.php\/wp-json\/wp\/v2\/posts\/1147\/revisions"}],"predecessor-version":[{"id":1163,"href":"https:\/\/zspbierdzany.pl\/index.php\/wp-json\/wp\/v2\/posts\/1147\/revisions\/1163"}],"wp:featuredmedia":[{"embeddable":true,"href":"https:\/\/zspbierdzany.pl\/index.php\/wp-json\/wp\/v2\/media\/1161"}],"wp:attachment":[{"href":"https:\/\/zspbierdzany.pl\/index.php\/wp-json\/wp\/v2\/media?parent=1147"}],"wp:term":[{"taxonomy":"category","embeddable":true,"href":"https:\/\/zspbierdzany.pl\/index.php\/wp-json\/wp\/v2\/categories?post=1147"},{"taxonomy":"post_tag","embeddable":true,"href":"https:\/\/zspbierdzany.pl\/index.php\/wp-json\/wp\/v2\/tags?post=1147"}],"curies":[{"name":"wp","href":"https:\/\/api.w.org\/{rel}","templated":true}]}}