{"id":1224,"date":"2021-11-15T17:46:39","date_gmt":"2021-11-15T17:46:39","guid":{"rendered":"https:\/\/zspbierdzany.pl\/?p=1224"},"modified":"2021-11-15T17:47:56","modified_gmt":"2021-11-15T17:47:56","slug":"obchody-narodowego-swieta-niepodleglosci","status":"publish","type":"post","link":"https:\/\/zspbierdzany.pl\/index.php\/2021\/11\/15\/obchody-narodowego-swieta-niepodleglosci\/","title":{"rendered":"Obchody Narodowego \u015awi\u0119ta Niepodleg\u0142o\u015bci"},"content":{"rendered":"<h2>Obchody Narodowego \u015awi\u0119ta Niepodleg\u0142o\u015bci<\/h2>\n<p>W \u015brod\u0119 10 listopada w naszej szkole odby\u0142 si\u0119 uroczysty apel z okazji 103. rocznicy odzyskania przez Polsk\u0119 niepodleg\u0142o\u015bci. Klasa 7 pod opiek\u0105 pani Ejsmont przygotowa\u0142a przepi\u0119kny program. Przypomnieli o najwa\u017cniejszych postaciach i wydarzeniach prowadz\u0105cych do wyzwolenia Polski. Za\u015bpiewane przez nich pie\u015bni patriotyczne wzrusza\u0142y, a wysoki poziom wykonania budzi\u0142 zachwyt. Uczennica klasy 8 wzbogaci\u0142a wyst\u0119p graj\u0105c na ukulele. Uczestnicy apelu, od\u015bwi\u0119tnie ubrani z przypi\u0119tymi bia\u0142o-czerwonymi kotylionami, w pe\u0142nym skupieniu wys\u0142uchali wszystkich wyst\u0105pie\u0144.<\/p>\n<p>&nbsp;<\/p>\n<div id='gallery-1' class='gallery galleryid-1224 gallery-columns-3 gallery-size-medium'><figure class='gallery-item'>\n\t\t\t<div class='gallery-icon landscape'>\n\t\t\t\t<a href='https:\/\/zspbierdzany.pl\/index.php\/2021\/11\/15\/obchody-narodowego-swieta-niepodleglosci\/pxl_20211110_101614452-mp\/'><img loading=\"lazy\" decoding=\"async\" width=\"300\" height=\"225\" src=\"https:\/\/zspbierdzany.pl\/wp-content\/uploads\/2021\/11\/PXL_20211110_101614452.MP_-300x225.jpg\" class=\"attachment-medium size-medium\" alt=\"\" srcset=\"https:\/\/zspbierdzany.pl\/wp-content\/uploads\/2021\/11\/PXL_20211110_101614452.MP_-300x225.jpg 300w, https:\/\/zspbierdzany.pl\/wp-content\/uploads\/2021\/11\/PXL_20211110_101614452.MP_-1024x768.jpg 1024w, https:\/\/zspbierdzany.pl\/wp-content\/uploads\/2021\/11\/PXL_20211110_101614452.MP_-768x576.jpg 768w, https:\/\/zspbierdzany.pl\/wp-content\/uploads\/2021\/11\/PXL_20211110_101614452.MP_-1536x1152.jpg 1536w, https:\/\/zspbierdzany.pl\/wp-content\/uploads\/2021\/11\/PXL_20211110_101614452.MP_-2048x1536.jpg 2048w, https:\/\/zspbierdzany.pl\/wp-content\/uploads\/2021\/11\/PXL_20211110_101614452.MP_-1568x1176.jpg 1568w\" sizes=\"(max-width: 34.9rem) calc(100vw - 2rem), (max-width: 53rem) calc(8 * (100vw \/ 12)), (min-width: 53rem) calc(6 * (100vw \/ 12)), 100vw\" \/><\/a>\n\t\t\t<\/div><\/figure><figure class='gallery-item'>\n\t\t\t<div class='gallery-icon landscape'>\n\t\t\t\t<a href='https:\/\/zspbierdzany.pl\/index.php\/2021\/11\/15\/obchody-narodowego-swieta-niepodleglosci\/pxl_20211110_102247325-portrait\/'><img loading=\"lazy\" decoding=\"async\" width=\"300\" height=\"225\" src=\"https:\/\/zspbierdzany.pl\/wp-content\/uploads\/2021\/11\/PXL_20211110_102247325.PORTRAIT-300x225.jpg\" class=\"attachment-medium size-medium\" alt=\"\" srcset=\"https:\/\/zspbierdzany.pl\/wp-content\/uploads\/2021\/11\/PXL_20211110_102247325.PORTRAIT-300x225.jpg 300w, https:\/\/zspbierdzany.pl\/wp-content\/uploads\/2021\/11\/PXL_20211110_102247325.PORTRAIT-1024x768.jpg 1024w, https:\/\/zspbierdzany.pl\/wp-content\/uploads\/2021\/11\/PXL_20211110_102247325.PORTRAIT-768x576.jpg 768w, https:\/\/zspbierdzany.pl\/wp-content\/uploads\/2021\/11\/PXL_20211110_102247325.PORTRAIT-1536x1152.jpg 1536w, https:\/\/zspbierdzany.pl\/wp-content\/uploads\/2021\/11\/PXL_20211110_102247325.PORTRAIT-2048x1536.jpg 2048w, https:\/\/zspbierdzany.pl\/wp-content\/uploads\/2021\/11\/PXL_20211110_102247325.PORTRAIT-1568x1176.jpg 1568w\" sizes=\"(max-width: 34.9rem) calc(100vw - 2rem), (max-width: 53rem) calc(8 * (100vw \/ 12)), (min-width: 53rem) calc(6 * (100vw \/ 12)), 100vw\" \/><\/a>\n\t\t\t<\/div><\/figure><figure class='gallery-item'>\n\t\t\t<div class='gallery-icon landscape'>\n\t\t\t\t<a href='https:\/\/zspbierdzany.pl\/index.php\/2021\/11\/15\/obchody-narodowego-swieta-niepodleglosci\/pxl_20211110_102144883-portrait\/'><img loading=\"lazy\" decoding=\"async\" width=\"300\" height=\"225\" src=\"https:\/\/zspbierdzany.pl\/wp-content\/uploads\/2021\/11\/PXL_20211110_102144883.PORTRAIT-300x225.jpg\" class=\"attachment-medium size-medium\" alt=\"\" srcset=\"https:\/\/zspbierdzany.pl\/wp-content\/uploads\/2021\/11\/PXL_20211110_102144883.PORTRAIT-300x225.jpg 300w, https:\/\/zspbierdzany.pl\/wp-content\/uploads\/2021\/11\/PXL_20211110_102144883.PORTRAIT-1024x768.jpg 1024w, https:\/\/zspbierdzany.pl\/wp-content\/uploads\/2021\/11\/PXL_20211110_102144883.PORTRAIT-768x576.jpg 768w, https:\/\/zspbierdzany.pl\/wp-content\/uploads\/2021\/11\/PXL_20211110_102144883.PORTRAIT-1536x1152.jpg 1536w, https:\/\/zspbierdzany.pl\/wp-content\/uploads\/2021\/11\/PXL_20211110_102144883.PORTRAIT-2048x1536.jpg 2048w, https:\/\/zspbierdzany.pl\/wp-content\/uploads\/2021\/11\/PXL_20211110_102144883.PORTRAIT-1568x1176.jpg 1568w\" sizes=\"(max-width: 34.9rem) calc(100vw - 2rem), (max-width: 53rem) calc(8 * (100vw \/ 12)), (min-width: 53rem) calc(6 * (100vw \/ 12)), 100vw\" \/><\/a>\n\t\t\t<\/div><\/figure><figure class='gallery-item'>\n\t\t\t<div class='gallery-icon landscape'>\n\t\t\t\t<a href='https:\/\/zspbierdzany.pl\/index.php\/2021\/11\/15\/obchody-narodowego-swieta-niepodleglosci\/pxl_20211110_101227153-mp\/'><img loading=\"lazy\" decoding=\"async\" width=\"300\" height=\"225\" src=\"https:\/\/zspbierdzany.pl\/wp-content\/uploads\/2021\/11\/PXL_20211110_101227153.MP_-300x225.jpg\" class=\"attachment-medium size-medium\" alt=\"\" srcset=\"https:\/\/zspbierdzany.pl\/wp-content\/uploads\/2021\/11\/PXL_20211110_101227153.MP_-300x225.jpg 300w, https:\/\/zspbierdzany.pl\/wp-content\/uploads\/2021\/11\/PXL_20211110_101227153.MP_-1024x768.jpg 1024w, https:\/\/zspbierdzany.pl\/wp-content\/uploads\/2021\/11\/PXL_20211110_101227153.MP_-768x576.jpg 768w, https:\/\/zspbierdzany.pl\/wp-content\/uploads\/2021\/11\/PXL_20211110_101227153.MP_-1536x1152.jpg 1536w, https:\/\/zspbierdzany.pl\/wp-content\/uploads\/2021\/11\/PXL_20211110_101227153.MP_-2048x1536.jpg 2048w, https:\/\/zspbierdzany.pl\/wp-content\/uploads\/2021\/11\/PXL_20211110_101227153.MP_-1568x1176.jpg 1568w\" sizes=\"(max-width: 34.9rem) calc(100vw - 2rem), (max-width: 53rem) calc(8 * (100vw \/ 12)), (min-width: 53rem) calc(6 * (100vw \/ 12)), 100vw\" \/><\/a>\n\t\t\t<\/div><\/figure><figure class='gallery-item'>\n\t\t\t<div class='gallery-icon landscape'>\n\t\t\t\t<a href='https:\/\/zspbierdzany.pl\/index.php\/2021\/11\/15\/obchody-narodowego-swieta-niepodleglosci\/pxl_20211110_102758807\/'><img loading=\"lazy\" decoding=\"async\" width=\"300\" height=\"144\" src=\"https:\/\/zspbierdzany.pl\/wp-content\/uploads\/2021\/11\/PXL_20211110_102758807-300x144.jpg\" class=\"attachment-medium size-medium\" alt=\"\" srcset=\"https:\/\/zspbierdzany.pl\/wp-content\/uploads\/2021\/11\/PXL_20211110_102758807-300x144.jpg 300w, https:\/\/zspbierdzany.pl\/wp-content\/uploads\/2021\/11\/PXL_20211110_102758807-1024x490.jpg 1024w, https:\/\/zspbierdzany.pl\/wp-content\/uploads\/2021\/11\/PXL_20211110_102758807-768x368.jpg 768w, https:\/\/zspbierdzany.pl\/wp-content\/uploads\/2021\/11\/PXL_20211110_102758807-1536x735.jpg 1536w, https:\/\/zspbierdzany.pl\/wp-content\/uploads\/2021\/11\/PXL_20211110_102758807-2048x980.jpg 2048w, https:\/\/zspbierdzany.pl\/wp-content\/uploads\/2021\/11\/PXL_20211110_102758807-1568x750.jpg 1568w\" sizes=\"(max-width: 34.9rem) calc(100vw - 2rem), (max-width: 53rem) calc(8 * (100vw \/ 12)), (min-width: 53rem) calc(6 * (100vw \/ 12)), 100vw\" \/><\/a>\n\t\t\t<\/div><\/figure><figure class='gallery-item'>\n\t\t\t<div class='gallery-icon landscape'>\n\t\t\t\t<a href='https:\/\/zspbierdzany.pl\/index.php\/2021\/11\/15\/obchody-narodowego-swieta-niepodleglosci\/pxl_20211110_102009906-portrait\/'><img loading=\"lazy\" decoding=\"async\" width=\"300\" height=\"225\" src=\"https:\/\/zspbierdzany.pl\/wp-content\/uploads\/2021\/11\/PXL_20211110_102009906.PORTRAIT-300x225.jpg\" class=\"attachment-medium size-medium\" alt=\"\" srcset=\"https:\/\/zspbierdzany.pl\/wp-content\/uploads\/2021\/11\/PXL_20211110_102009906.PORTRAIT-300x225.jpg 300w, https:\/\/zspbierdzany.pl\/wp-content\/uploads\/2021\/11\/PXL_20211110_102009906.PORTRAIT-1024x768.jpg 1024w, https:\/\/zspbierdzany.pl\/wp-content\/uploads\/2021\/11\/PXL_20211110_102009906.PORTRAIT-768x576.jpg 768w, https:\/\/zspbierdzany.pl\/wp-content\/uploads\/2021\/11\/PXL_20211110_102009906.PORTRAIT-1536x1152.jpg 1536w, https:\/\/zspbierdzany.pl\/wp-content\/uploads\/2021\/11\/PXL_20211110_102009906.PORTRAIT-2048x1536.jpg 2048w, https:\/\/zspbierdzany.pl\/wp-content\/uploads\/2021\/11\/PXL_20211110_102009906.PORTRAIT-1568x1176.jpg 1568w\" sizes=\"(max-width: 34.9rem) calc(100vw - 2rem), (max-width: 53rem) calc(8 * (100vw \/ 12)), (min-width: 53rem) calc(6 * (100vw \/ 12)), 100vw\" \/><\/a>\n\t\t\t<\/div><\/figure>\n\t\t<\/div>\n\n","protected":false},"excerpt":{"rendered":"<p>Obchody Narodowego \u015awi\u0119ta Niepodleg\u0142o\u015bci W \u015brod\u0119 10 listopada w naszej szkole odby\u0142 si\u0119 uroczysty apel z okazji 103. rocznicy odzyskania przez Polsk\u0119 niepodleg\u0142o\u015bci. Klasa 7 pod opiek\u0105 pani Ejsmont przygotowa\u0142a przepi\u0119kny program. Przypomnieli o najwa\u017cniejszych postaciach i wydarzeniach prowadz\u0105cych do wyzwolenia Polski. Za\u015bpiewane przez nich pie\u015bni patriotyczne wzrusza\u0142y, a wysoki poziom wykonania budzi\u0142 zachwyt. Uczennica &hellip; <\/p>\n<p class=\"link-more\"><a href=\"https:\/\/zspbierdzany.pl\/index.php\/2021\/11\/15\/obchody-narodowego-swieta-niepodleglosci\/\" class=\"more-link\">Czytaj dalej<span class=\"screen-reader-text\"> Obchody Narodowego \u015awi\u0119ta Niepodleg\u0142o\u015bci<\/span><\/a><\/p>\n","protected":false},"author":2,"featured_media":0,"comment_status":"open","ping_status":"open","sticky":false,"template":"","format":"standard","meta":{"footnotes":""},"categories":[1],"tags":[],"_links":{"self":[{"href":"https:\/\/zspbierdzany.pl\/index.php\/wp-json\/wp\/v2\/posts\/1224"}],"collection":[{"href":"https:\/\/zspbierdzany.pl\/index.php\/wp-json\/wp\/v2\/posts"}],"about":[{"href":"https:\/\/zspbierdzany.pl\/index.php\/wp-json\/wp\/v2\/types\/post"}],"author":[{"embeddable":true,"href":"https:\/\/zspbierdzany.pl\/index.php\/wp-json\/wp\/v2\/users\/2"}],"replies":[{"embeddable":true,"href":"https:\/\/zspbierdzany.pl\/index.php\/wp-json\/wp\/v2\/comments?post=1224"}],"version-history":[{"count":4,"href":"https:\/\/zspbierdzany.pl\/index.php\/wp-json\/wp\/v2\/posts\/1224\/revisions"}],"predecessor-version":[{"id":1255,"href":"https:\/\/zspbierdzany.pl\/index.php\/wp-json\/wp\/v2\/posts\/1224\/revisions\/1255"}],"wp:attachment":[{"href":"https:\/\/zspbierdzany.pl\/index.php\/wp-json\/wp\/v2\/media?parent=1224"}],"wp:term":[{"taxonomy":"category","embeddable":true,"href":"https:\/\/zspbierdzany.pl\/index.php\/wp-json\/wp\/v2\/categories?post=1224"},{"taxonomy":"post_tag","embeddable":true,"href":"https:\/\/zspbierdzany.pl\/index.php\/wp-json\/wp\/v2\/tags?post=1224"}],"curies":[{"name":"wp","href":"https:\/\/api.w.org\/{rel}","templated":true}]}}