{"id":1256,"date":"2021-11-23T18:21:00","date_gmt":"2021-11-23T18:21:00","guid":{"rendered":"https:\/\/zspbierdzany.pl\/?p=1256"},"modified":"2021-11-23T18:21:00","modified_gmt":"2021-11-23T18:21:00","slug":"dzien-swietego-marcina","status":"publish","type":"post","link":"https:\/\/zspbierdzany.pl\/index.php\/2021\/11\/23\/dzien-swietego-marcina\/","title":{"rendered":"Dzie\u0144 \u015awi\u0119tego Marcina"},"content":{"rendered":"<p>11-go listopada obchodzimy dzie\u0144 \u015aw. Marcina. Jak co roku uczniowie rozszerzali swoj\u0105 wiedz\u0119 na temat postaci \u015bwi\u0119tego i idei bezinteresownego \u00a0pomagania i czynienie dobra na rzecz innych ludzi. Na zaj\u0119ciach wykonywali prace plastyczne. M\u0142odsze dzieci by\u0142y na spacerze, rado\u015bnie \u015bpiewa\u0142y piosenki i nios\u0142y samodzielnie wykonane lampiony.<\/p>\n<div id='gallery-1' class='gallery galleryid-1256 gallery-columns-1 gallery-size-large'><figure class='gallery-item'>\n\t\t\t<div class='gallery-icon landscape'>\n\t\t\t\t<a href='https:\/\/zspbierdzany.pl\/index.php\/2021\/11\/23\/dzien-swietego-marcina\/20211110_093618-2\/'><img loading=\"lazy\" decoding=\"async\" width=\"640\" height=\"360\" src=\"https:\/\/zspbierdzany.pl\/wp-content\/uploads\/2021\/11\/20211110_093618-1-1024x576.jpg\" class=\"attachment-large size-large\" alt=\"\" srcset=\"https:\/\/zspbierdzany.pl\/wp-content\/uploads\/2021\/11\/20211110_093618-1-1024x576.jpg 1024w, https:\/\/zspbierdzany.pl\/wp-content\/uploads\/2021\/11\/20211110_093618-1-300x169.jpg 300w, https:\/\/zspbierdzany.pl\/wp-content\/uploads\/2021\/11\/20211110_093618-1-768x432.jpg 768w, https:\/\/zspbierdzany.pl\/wp-content\/uploads\/2021\/11\/20211110_093618-1-1536x864.jpg 1536w, https:\/\/zspbierdzany.pl\/wp-content\/uploads\/2021\/11\/20211110_093618-1-2048x1152.jpg 2048w, https:\/\/zspbierdzany.pl\/wp-content\/uploads\/2021\/11\/20211110_093618-1-1568x882.jpg 1568w\" sizes=\"(max-width: 34.9rem) calc(100vw - 2rem), (max-width: 53rem) calc(8 * (100vw \/ 12)), (min-width: 53rem) calc(6 * (100vw \/ 12)), 100vw\" \/><\/a>\n\t\t\t<\/div><\/figure><figure class='gallery-item'>\n\t\t\t<div class='gallery-icon landscape'>\n\t\t\t\t<a href='https:\/\/zspbierdzany.pl\/index.php\/2021\/11\/23\/dzien-swietego-marcina\/20211110_092858-2\/'><img loading=\"lazy\" decoding=\"async\" width=\"640\" height=\"360\" src=\"https:\/\/zspbierdzany.pl\/wp-content\/uploads\/2021\/11\/20211110_092858-1-1024x576.jpg\" class=\"attachment-large size-large\" alt=\"\" srcset=\"https:\/\/zspbierdzany.pl\/wp-content\/uploads\/2021\/11\/20211110_092858-1-1024x576.jpg 1024w, https:\/\/zspbierdzany.pl\/wp-content\/uploads\/2021\/11\/20211110_092858-1-300x169.jpg 300w, https:\/\/zspbierdzany.pl\/wp-content\/uploads\/2021\/11\/20211110_092858-1-768x432.jpg 768w, https:\/\/zspbierdzany.pl\/wp-content\/uploads\/2021\/11\/20211110_092858-1-1536x864.jpg 1536w, https:\/\/zspbierdzany.pl\/wp-content\/uploads\/2021\/11\/20211110_092858-1-2048x1152.jpg 2048w, https:\/\/zspbierdzany.pl\/wp-content\/uploads\/2021\/11\/20211110_092858-1-1568x882.jpg 1568w\" sizes=\"(max-width: 34.9rem) calc(100vw - 2rem), (max-width: 53rem) calc(8 * (100vw \/ 12)), (min-width: 53rem) calc(6 * (100vw \/ 12)), 100vw\" \/><\/a>\n\t\t\t<\/div><\/figure><figure class='gallery-item'>\n\t\t\t<div class='gallery-icon landscape'>\n\t\t\t\t<a href='https:\/\/zspbierdzany.pl\/index.php\/2021\/11\/23\/dzien-swietego-marcina\/20211110_103059-2\/'><img loading=\"lazy\" decoding=\"async\" width=\"640\" height=\"360\" src=\"https:\/\/zspbierdzany.pl\/wp-content\/uploads\/2021\/11\/20211110_103059-1-1024x576.jpg\" class=\"attachment-large size-large\" alt=\"\" srcset=\"https:\/\/zspbierdzany.pl\/wp-content\/uploads\/2021\/11\/20211110_103059-1-1024x576.jpg 1024w, https:\/\/zspbierdzany.pl\/wp-content\/uploads\/2021\/11\/20211110_103059-1-300x169.jpg 300w, https:\/\/zspbierdzany.pl\/wp-content\/uploads\/2021\/11\/20211110_103059-1-768x432.jpg 768w, https:\/\/zspbierdzany.pl\/wp-content\/uploads\/2021\/11\/20211110_103059-1-1536x864.jpg 1536w, https:\/\/zspbierdzany.pl\/wp-content\/uploads\/2021\/11\/20211110_103059-1-2048x1152.jpg 2048w, https:\/\/zspbierdzany.pl\/wp-content\/uploads\/2021\/11\/20211110_103059-1-1568x882.jpg 1568w\" sizes=\"(max-width: 34.9rem) calc(100vw - 2rem), (max-width: 53rem) calc(8 * (100vw \/ 12)), (min-width: 53rem) calc(6 * (100vw \/ 12)), 100vw\" \/><\/a>\n\t\t\t<\/div><\/figure>\n\t\t<\/div>\n\n<p>&nbsp;<\/p>\n","protected":false},"excerpt":{"rendered":"<p>11-go listopada obchodzimy dzie\u0144 \u015aw. Marcina. Jak co roku uczniowie rozszerzali swoj\u0105 wiedz\u0119 na temat postaci \u015bwi\u0119tego i idei bezinteresownego \u00a0pomagania i czynienie dobra na rzecz innych ludzi. Na zaj\u0119ciach wykonywali prace plastyczne. M\u0142odsze dzieci by\u0142y na spacerze, rado\u015bnie \u015bpiewa\u0142y piosenki i nios\u0142y samodzielnie wykonane lampiony. &nbsp;<\/p>\n","protected":false},"author":2,"featured_media":1260,"comment_status":"open","ping_status":"open","sticky":false,"template":"","format":"standard","meta":{"footnotes":""},"categories":[1],"tags":[],"_links":{"self":[{"href":"https:\/\/zspbierdzany.pl\/index.php\/wp-json\/wp\/v2\/posts\/1256"}],"collection":[{"href":"https:\/\/zspbierdzany.pl\/index.php\/wp-json\/wp\/v2\/posts"}],"about":[{"href":"https:\/\/zspbierdzany.pl\/index.php\/wp-json\/wp\/v2\/types\/post"}],"author":[{"embeddable":true,"href":"https:\/\/zspbierdzany.pl\/index.php\/wp-json\/wp\/v2\/users\/2"}],"replies":[{"embeddable":true,"href":"https:\/\/zspbierdzany.pl\/index.php\/wp-json\/wp\/v2\/comments?post=1256"}],"version-history":[{"count":2,"href":"https:\/\/zspbierdzany.pl\/index.php\/wp-json\/wp\/v2\/posts\/1256\/revisions"}],"predecessor-version":[{"id":1264,"href":"https:\/\/zspbierdzany.pl\/index.php\/wp-json\/wp\/v2\/posts\/1256\/revisions\/1264"}],"wp:featuredmedia":[{"embeddable":true,"href":"https:\/\/zspbierdzany.pl\/index.php\/wp-json\/wp\/v2\/media\/1260"}],"wp:attachment":[{"href":"https:\/\/zspbierdzany.pl\/index.php\/wp-json\/wp\/v2\/media?parent=1256"}],"wp:term":[{"taxonomy":"category","embeddable":true,"href":"https:\/\/zspbierdzany.pl\/index.php\/wp-json\/wp\/v2\/categories?post=1256"},{"taxonomy":"post_tag","embeddable":true,"href":"https:\/\/zspbierdzany.pl\/index.php\/wp-json\/wp\/v2\/tags?post=1256"}],"curies":[{"name":"wp","href":"https:\/\/api.w.org\/{rel}","templated":true}]}}