{"id":1297,"date":"2021-11-23T19:27:13","date_gmt":"2021-11-23T19:27:13","guid":{"rendered":"https:\/\/zspbierdzany.pl\/?p=1297"},"modified":"2021-11-23T19:28:35","modified_gmt":"2021-11-23T19:28:35","slug":"ogolnopolski-dzien-praw-dziecka","status":"publish","type":"post","link":"https:\/\/zspbierdzany.pl\/index.php\/2021\/11\/23\/ogolnopolski-dzien-praw-dziecka\/","title":{"rendered":"Og\u00f3lnopolski Dzie\u0144 Praw Dziecka"},"content":{"rendered":"<p>Og\u00f3lnopolski Dzie\u0144 Praw Dziecka to \u015bwi\u0119to, kt\u00f3re w Polsce obchodzimy po raz si\u00f3dmy. Zosta\u0142o ustanowione dla upami\u0119tnienia 25. rocznicy przyj\u0119cia przez Zgromadzenie Og\u00f3lne Organizacji Narod\u00f3w Zjednoczonych Konwencji o prawach dziecka. Obchody w naszej szkole rozpocz\u0105\u0142 przewodnicz\u0105cy SU Szymon Wilk odczytaniem wiersza M. Brykczy\u0144skiego &#8222;O prawach dziecka&#8221;. Warsztaty mia\u0142y na celu w przyst\u0119pny spos\u00f3b przedstawi\u0107 dzieciom przys\u0142uguj\u0105ce im prawa.<br \/>\nSpotkanie zako\u0144czyli uczniowie klasy drugiej kr\u00f3tkim przedstawieniem z wa\u017cnym przes\u0142aniem &#8222;Na niezgod\u0119 \u017cycia szkoda&#8221;.<\/p>\n<p>Zach\u0119camy wszystkich uczni\u00f3w naszej szko\u0142y do wzi\u0119cia udzia\u0142u w konkursie plastycznym o prawach dziecka, organizowanym przez Rzecznika Praw Dziecka, Miko\u0142aja Pawlaka. Prace prosimy dostarcza\u0107 pani Margos do 10 grudnia . Spo\u015br\u00f3d wszystkich prac wy\u0142onione zostan\u0105 trzy prace z ka\u017cdej kategorii wiekowej: klasy I-IV, klasy V-VIII. Wi\u0119cej szczeg\u00f3\u0142\u00f3w <a href=\"https:\/\/brpd.gov.pl\/2021\/10\/29\/wielki-konkurs-rzecznika-na-najciekawsze-prace-plastyczne-o-prawach-dziecka\/\">na stronie Rzecznika Praw Dziecka<\/a>.<\/p>\n<div id='gallery-1' class='gallery galleryid-1297 gallery-columns-4 gallery-size-medium'><figure class='gallery-item'>\n\t\t\t<div class='gallery-icon landscape'>\n\t\t\t\t<a href='https:\/\/zspbierdzany.pl\/index.php\/2021\/11\/23\/ogolnopolski-dzien-praw-dziecka\/259189912_600050954672059_7178853181838669886_n\/'><img loading=\"lazy\" decoding=\"async\" width=\"300\" height=\"225\" src=\"https:\/\/zspbierdzany.pl\/wp-content\/uploads\/2021\/11\/259189912_600050954672059_7178853181838669886_n-300x225.jpg\" class=\"attachment-medium size-medium\" alt=\"\" srcset=\"https:\/\/zspbierdzany.pl\/wp-content\/uploads\/2021\/11\/259189912_600050954672059_7178853181838669886_n-300x225.jpg 300w, https:\/\/zspbierdzany.pl\/wp-content\/uploads\/2021\/11\/259189912_600050954672059_7178853181838669886_n.jpg 750w\" sizes=\"(max-width: 34.9rem) calc(100vw - 2rem), (max-width: 53rem) calc(8 * (100vw \/ 12)), (min-width: 53rem) calc(6 * (100vw \/ 12)), 100vw\" \/><\/a>\n\t\t\t<\/div><\/figure><figure class='gallery-item'>\n\t\t\t<div class='gallery-icon landscape'>\n\t\t\t\t<a href='https:\/\/zspbierdzany.pl\/index.php\/2021\/11\/23\/ogolnopolski-dzien-praw-dziecka\/260007953_1063340394483866_6014663113749499540_n\/'><img loading=\"lazy\" decoding=\"async\" width=\"300\" height=\"225\" src=\"https:\/\/zspbierdzany.pl\/wp-content\/uploads\/2021\/11\/260007953_1063340394483866_6014663113749499540_n-300x225.jpg\" class=\"attachment-medium size-medium\" alt=\"\" srcset=\"https:\/\/zspbierdzany.pl\/wp-content\/uploads\/2021\/11\/260007953_1063340394483866_6014663113749499540_n-300x225.jpg 300w, https:\/\/zspbierdzany.pl\/wp-content\/uploads\/2021\/11\/260007953_1063340394483866_6014663113749499540_n.jpg 750w\" sizes=\"(max-width: 34.9rem) calc(100vw - 2rem), (max-width: 53rem) calc(8 * (100vw \/ 12)), (min-width: 53rem) calc(6 * (100vw \/ 12)), 100vw\" \/><\/a>\n\t\t\t<\/div><\/figure><figure class='gallery-item'>\n\t\t\t<div class='gallery-icon landscape'>\n\t\t\t\t<a href='https:\/\/zspbierdzany.pl\/index.php\/2021\/11\/23\/ogolnopolski-dzien-praw-dziecka\/259612491_408692864243076_3354533225732400345_n\/'><img loading=\"lazy\" decoding=\"async\" width=\"300\" height=\"225\" src=\"https:\/\/zspbierdzany.pl\/wp-content\/uploads\/2021\/11\/259612491_408692864243076_3354533225732400345_n-300x225.jpg\" class=\"attachment-medium size-medium\" alt=\"\" srcset=\"https:\/\/zspbierdzany.pl\/wp-content\/uploads\/2021\/11\/259612491_408692864243076_3354533225732400345_n-300x225.jpg 300w, https:\/\/zspbierdzany.pl\/wp-content\/uploads\/2021\/11\/259612491_408692864243076_3354533225732400345_n.jpg 750w\" sizes=\"(max-width: 34.9rem) calc(100vw - 2rem), (max-width: 53rem) calc(8 * (100vw \/ 12)), (min-width: 53rem) calc(6 * (100vw \/ 12)), 100vw\" \/><\/a>\n\t\t\t<\/div><\/figure><figure class='gallery-item'>\n\t\t\t<div class='gallery-icon landscape'>\n\t\t\t\t<a href='https:\/\/zspbierdzany.pl\/index.php\/2021\/11\/23\/ogolnopolski-dzien-praw-dziecka\/259183216_300690485243860_1286583151486385273_n\/'><img loading=\"lazy\" decoding=\"async\" width=\"300\" height=\"225\" src=\"https:\/\/zspbierdzany.pl\/wp-content\/uploads\/2021\/11\/259183216_300690485243860_1286583151486385273_n-300x225.jpg\" class=\"attachment-medium size-medium\" alt=\"\" srcset=\"https:\/\/zspbierdzany.pl\/wp-content\/uploads\/2021\/11\/259183216_300690485243860_1286583151486385273_n-300x225.jpg 300w, https:\/\/zspbierdzany.pl\/wp-content\/uploads\/2021\/11\/259183216_300690485243860_1286583151486385273_n.jpg 750w\" sizes=\"(max-width: 34.9rem) calc(100vw - 2rem), (max-width: 53rem) calc(8 * (100vw \/ 12)), (min-width: 53rem) calc(6 * (100vw \/ 12)), 100vw\" \/><\/a>\n\t\t\t<\/div><\/figure><figure class='gallery-item'>\n\t\t\t<div class='gallery-icon portrait'>\n\t\t\t\t<a href='https:\/\/zspbierdzany.pl\/index.php\/2021\/11\/23\/ogolnopolski-dzien-praw-dziecka\/20211122_111056\/'><img loading=\"lazy\" decoding=\"async\" width=\"169\" height=\"300\" src=\"https:\/\/zspbierdzany.pl\/wp-content\/uploads\/2021\/11\/20211122_111056-169x300.jpg\" class=\"attachment-medium size-medium\" alt=\"\" srcset=\"https:\/\/zspbierdzany.pl\/wp-content\/uploads\/2021\/11\/20211122_111056-169x300.jpg 169w, https:\/\/zspbierdzany.pl\/wp-content\/uploads\/2021\/11\/20211122_111056-576x1024.jpg 576w, https:\/\/zspbierdzany.pl\/wp-content\/uploads\/2021\/11\/20211122_111056-768x1365.jpg 768w, https:\/\/zspbierdzany.pl\/wp-content\/uploads\/2021\/11\/20211122_111056-864x1536.jpg 864w, https:\/\/zspbierdzany.pl\/wp-content\/uploads\/2021\/11\/20211122_111056-1152x2048.jpg 1152w, https:\/\/zspbierdzany.pl\/wp-content\/uploads\/2021\/11\/20211122_111056-1568x2788.jpg 1568w, https:\/\/zspbierdzany.pl\/wp-content\/uploads\/2021\/11\/20211122_111056-scaled.jpg 1440w\" sizes=\"(max-width: 34.9rem) calc(100vw - 2rem), (max-width: 53rem) calc(8 * (100vw \/ 12)), (min-width: 53rem) calc(6 * (100vw \/ 12)), 100vw\" \/><\/a>\n\t\t\t<\/div><\/figure><figure class='gallery-item'>\n\t\t\t<div class='gallery-icon landscape'>\n\t\t\t\t<a href='https:\/\/zspbierdzany.pl\/index.php\/2021\/11\/23\/ogolnopolski-dzien-praw-dziecka\/20211122_111415\/'><img loading=\"lazy\" decoding=\"async\" width=\"300\" height=\"169\" src=\"https:\/\/zspbierdzany.pl\/wp-content\/uploads\/2021\/11\/20211122_111415-300x169.jpg\" class=\"attachment-medium size-medium\" alt=\"\" srcset=\"https:\/\/zspbierdzany.pl\/wp-content\/uploads\/2021\/11\/20211122_111415-300x169.jpg 300w, https:\/\/zspbierdzany.pl\/wp-content\/uploads\/2021\/11\/20211122_111415-1024x576.jpg 1024w, https:\/\/zspbierdzany.pl\/wp-content\/uploads\/2021\/11\/20211122_111415-768x432.jpg 768w, https:\/\/zspbierdzany.pl\/wp-content\/uploads\/2021\/11\/20211122_111415-1536x864.jpg 1536w, https:\/\/zspbierdzany.pl\/wp-content\/uploads\/2021\/11\/20211122_111415-2048x1152.jpg 2048w, https:\/\/zspbierdzany.pl\/wp-content\/uploads\/2021\/11\/20211122_111415-1568x882.jpg 1568w\" sizes=\"(max-width: 34.9rem) calc(100vw - 2rem), (max-width: 53rem) calc(8 * (100vw \/ 12)), (min-width: 53rem) calc(6 * (100vw \/ 12)), 100vw\" \/><\/a>\n\t\t\t<\/div><\/figure><figure class='gallery-item'>\n\t\t\t<div class='gallery-icon landscape'>\n\t\t\t\t<a href='https:\/\/zspbierdzany.pl\/index.php\/2021\/11\/23\/ogolnopolski-dzien-praw-dziecka\/20211122_111418\/'><img loading=\"lazy\" decoding=\"async\" width=\"300\" height=\"169\" src=\"https:\/\/zspbierdzany.pl\/wp-content\/uploads\/2021\/11\/20211122_111418-300x169.jpg\" class=\"attachment-medium size-medium\" alt=\"\" srcset=\"https:\/\/zspbierdzany.pl\/wp-content\/uploads\/2021\/11\/20211122_111418-300x169.jpg 300w, https:\/\/zspbierdzany.pl\/wp-content\/uploads\/2021\/11\/20211122_111418-1024x576.jpg 1024w, https:\/\/zspbierdzany.pl\/wp-content\/uploads\/2021\/11\/20211122_111418-768x432.jpg 768w, https:\/\/zspbierdzany.pl\/wp-content\/uploads\/2021\/11\/20211122_111418-1536x864.jpg 1536w, https:\/\/zspbierdzany.pl\/wp-content\/uploads\/2021\/11\/20211122_111418-2048x1152.jpg 2048w, https:\/\/zspbierdzany.pl\/wp-content\/uploads\/2021\/11\/20211122_111418-1568x882.jpg 1568w\" sizes=\"(max-width: 34.9rem) calc(100vw - 2rem), (max-width: 53rem) calc(8 * (100vw \/ 12)), (min-width: 53rem) calc(6 * (100vw \/ 12)), 100vw\" \/><\/a>\n\t\t\t<\/div><\/figure><figure class='gallery-item'>\n\t\t\t<div class='gallery-icon portrait'>\n\t\t\t\t<a href='https:\/\/zspbierdzany.pl\/index.php\/2021\/11\/23\/ogolnopolski-dzien-praw-dziecka\/20211122_112328\/'><img loading=\"lazy\" decoding=\"async\" width=\"169\" height=\"300\" src=\"https:\/\/zspbierdzany.pl\/wp-content\/uploads\/2021\/11\/20211122_112328-169x300.jpg\" class=\"attachment-medium size-medium\" alt=\"\" srcset=\"https:\/\/zspbierdzany.pl\/wp-content\/uploads\/2021\/11\/20211122_112328-169x300.jpg 169w, https:\/\/zspbierdzany.pl\/wp-content\/uploads\/2021\/11\/20211122_112328-576x1024.jpg 576w, https:\/\/zspbierdzany.pl\/wp-content\/uploads\/2021\/11\/20211122_112328-768x1365.jpg 768w, https:\/\/zspbierdzany.pl\/wp-content\/uploads\/2021\/11\/20211122_112328-864x1536.jpg 864w, https:\/\/zspbierdzany.pl\/wp-content\/uploads\/2021\/11\/20211122_112328-1152x2048.jpg 1152w, https:\/\/zspbierdzany.pl\/wp-content\/uploads\/2021\/11\/20211122_112328-1568x2788.jpg 1568w, https:\/\/zspbierdzany.pl\/wp-content\/uploads\/2021\/11\/20211122_112328-scaled.jpg 1440w\" sizes=\"(max-width: 34.9rem) calc(100vw - 2rem), (max-width: 53rem) calc(8 * (100vw \/ 12)), (min-width: 53rem) calc(6 * (100vw \/ 12)), 100vw\" \/><\/a>\n\t\t\t<\/div><\/figure>\n\t\t<\/div>\n\n","protected":false},"excerpt":{"rendered":"<p>Og\u00f3lnopolski Dzie\u0144 Praw Dziecka to \u015bwi\u0119to, kt\u00f3re w Polsce obchodzimy po raz si\u00f3dmy. Zosta\u0142o ustanowione dla upami\u0119tnienia 25. rocznicy przyj\u0119cia przez Zgromadzenie Og\u00f3lne Organizacji Narod\u00f3w Zjednoczonych Konwencji o prawach dziecka. Obchody w naszej szkole rozpocz\u0105\u0142 przewodnicz\u0105cy SU Szymon Wilk odczytaniem wiersza M. Brykczy\u0144skiego &#8222;O prawach dziecka&#8221;. Warsztaty mia\u0142y na celu w przyst\u0119pny spos\u00f3b przedstawi\u0107 dzieciom &hellip; <\/p>\n<p class=\"link-more\"><a href=\"https:\/\/zspbierdzany.pl\/index.php\/2021\/11\/23\/ogolnopolski-dzien-praw-dziecka\/\" class=\"more-link\">Czytaj dalej<span class=\"screen-reader-text\"> Og\u00f3lnopolski Dzie\u0144 Praw Dziecka<\/span><\/a><\/p>\n","protected":false},"author":2,"featured_media":1307,"comment_status":"open","ping_status":"open","sticky":false,"template":"","format":"standard","meta":{"footnotes":""},"categories":[1],"tags":[],"_links":{"self":[{"href":"https:\/\/zspbierdzany.pl\/index.php\/wp-json\/wp\/v2\/posts\/1297"}],"collection":[{"href":"https:\/\/zspbierdzany.pl\/index.php\/wp-json\/wp\/v2\/posts"}],"about":[{"href":"https:\/\/zspbierdzany.pl\/index.php\/wp-json\/wp\/v2\/types\/post"}],"author":[{"embeddable":true,"href":"https:\/\/zspbierdzany.pl\/index.php\/wp-json\/wp\/v2\/users\/2"}],"replies":[{"embeddable":true,"href":"https:\/\/zspbierdzany.pl\/index.php\/wp-json\/wp\/v2\/comments?post=1297"}],"version-history":[{"count":3,"href":"https:\/\/zspbierdzany.pl\/index.php\/wp-json\/wp\/v2\/posts\/1297\/revisions"}],"predecessor-version":[{"id":1319,"href":"https:\/\/zspbierdzany.pl\/index.php\/wp-json\/wp\/v2\/posts\/1297\/revisions\/1319"}],"wp:featuredmedia":[{"embeddable":true,"href":"https:\/\/zspbierdzany.pl\/index.php\/wp-json\/wp\/v2\/media\/1307"}],"wp:attachment":[{"href":"https:\/\/zspbierdzany.pl\/index.php\/wp-json\/wp\/v2\/media?parent=1297"}],"wp:term":[{"taxonomy":"category","embeddable":true,"href":"https:\/\/zspbierdzany.pl\/index.php\/wp-json\/wp\/v2\/categories?post=1297"},{"taxonomy":"post_tag","embeddable":true,"href":"https:\/\/zspbierdzany.pl\/index.php\/wp-json\/wp\/v2\/tags?post=1297"}],"curies":[{"name":"wp","href":"https:\/\/api.w.org\/{rel}","templated":true}]}}