{"id":2081,"date":"2022-10-03T20:34:31","date_gmt":"2022-10-03T20:34:31","guid":{"rendered":"https:\/\/zspbierdzany.pl\/?p=2081"},"modified":"2022-10-03T20:34:31","modified_gmt":"2022-10-03T20:34:31","slug":"ogolnopolski-dzien-glosnego-czytania-2022","status":"publish","type":"post","link":"https:\/\/zspbierdzany.pl\/index.php\/2022\/10\/03\/ogolnopolski-dzien-glosnego-czytania-2022\/","title":{"rendered":"Og\u00f3lnopolski Dzie\u0144 G\u0142o\u015bnego Czytania 2022"},"content":{"rendered":"<p>W ramach szkolnych obchod\u00f3w Og\u00f3lnopolskiego Dnia G\u0142o\u015bnego Czytania odby\u0142o si\u0119 spotkanie wszystkich klas, podczas kt\u00f3rego \u00f3smoklasi\u015bci, czytali na g\u0142os fragmenty wybranych ksi\u0105\u017cek zakupionych w ostatnim czasie do biblioteki szkolnej.<\/p>\n<div id='gallery-1' class='gallery galleryid-2081 gallery-columns-3 gallery-size-thumbnail'><figure class='gallery-item'>\n\t\t\t<div class='gallery-icon landscape'>\n\t\t\t\t<a href='https:\/\/zspbierdzany.pl\/index.php\/2022\/10\/03\/ogolnopolski-dzien-glosnego-czytania-2022\/img-20221003-wa0054\/'><img loading=\"lazy\" decoding=\"async\" width=\"150\" height=\"150\" src=\"https:\/\/zspbierdzany.pl\/wp-content\/uploads\/2022\/10\/IMG-20221003-WA0054-150x150.jpg\" class=\"attachment-thumbnail size-thumbnail\" alt=\"\" sizes=\"(max-width: 34.9rem) calc(100vw - 2rem), (max-width: 53rem) calc(8 * (100vw \/ 12)), (min-width: 53rem) calc(6 * (100vw \/ 12)), 100vw\" \/><\/a>\n\t\t\t<\/div><\/figure><figure class='gallery-item'>\n\t\t\t<div class='gallery-icon landscape'>\n\t\t\t\t<a href='https:\/\/zspbierdzany.pl\/index.php\/2022\/10\/03\/ogolnopolski-dzien-glosnego-czytania-2022\/img-20220930-wa0001\/'><img loading=\"lazy\" decoding=\"async\" width=\"150\" height=\"150\" src=\"https:\/\/zspbierdzany.pl\/wp-content\/uploads\/2022\/10\/IMG-20220930-WA0001-150x150.jpg\" class=\"attachment-thumbnail size-thumbnail\" alt=\"\" sizes=\"(max-width: 34.9rem) calc(100vw - 2rem), (max-width: 53rem) calc(8 * (100vw \/ 12)), (min-width: 53rem) calc(6 * (100vw \/ 12)), 100vw\" \/><\/a>\n\t\t\t<\/div><\/figure><figure class='gallery-item'>\n\t\t\t<div class='gallery-icon landscape'>\n\t\t\t\t<a href='https:\/\/zspbierdzany.pl\/index.php\/2022\/10\/03\/ogolnopolski-dzien-glosnego-czytania-2022\/img-20220930-wa0007\/'><img loading=\"lazy\" decoding=\"async\" width=\"150\" height=\"150\" src=\"https:\/\/zspbierdzany.pl\/wp-content\/uploads\/2022\/10\/IMG-20220930-WA0007-150x150.jpg\" class=\"attachment-thumbnail size-thumbnail\" alt=\"\" sizes=\"(max-width: 34.9rem) calc(100vw - 2rem), (max-width: 53rem) calc(8 * (100vw \/ 12)), (min-width: 53rem) calc(6 * (100vw \/ 12)), 100vw\" \/><\/a>\n\t\t\t<\/div><\/figure><figure class='gallery-item'>\n\t\t\t<div class='gallery-icon portrait'>\n\t\t\t\t<a href='https:\/\/zspbierdzany.pl\/index.php\/2022\/10\/03\/ogolnopolski-dzien-glosnego-czytania-2022\/img-20220930-wa0006\/'><img loading=\"lazy\" decoding=\"async\" width=\"150\" height=\"150\" src=\"https:\/\/zspbierdzany.pl\/wp-content\/uploads\/2022\/10\/IMG-20220930-WA0006-150x150.jpg\" class=\"attachment-thumbnail size-thumbnail\" alt=\"\" sizes=\"(max-width: 34.9rem) calc(100vw - 2rem), (max-width: 53rem) calc(8 * (100vw \/ 12)), (min-width: 53rem) calc(6 * (100vw \/ 12)), 100vw\" \/><\/a>\n\t\t\t<\/div><\/figure><figure class='gallery-item'>\n\t\t\t<div class='gallery-icon landscape'>\n\t\t\t\t<a href='https:\/\/zspbierdzany.pl\/index.php\/2022\/10\/03\/ogolnopolski-dzien-glosnego-czytania-2022\/img-20220930-wa0005\/'><img loading=\"lazy\" decoding=\"async\" width=\"150\" height=\"150\" src=\"https:\/\/zspbierdzany.pl\/wp-content\/uploads\/2022\/10\/IMG-20220930-WA0005-150x150.jpg\" class=\"attachment-thumbnail size-thumbnail\" alt=\"\" sizes=\"(max-width: 34.9rem) calc(100vw - 2rem), (max-width: 53rem) calc(8 * (100vw \/ 12)), (min-width: 53rem) calc(6 * (100vw \/ 12)), 100vw\" \/><\/a>\n\t\t\t<\/div><\/figure><figure class='gallery-item'>\n\t\t\t<div class='gallery-icon portrait'>\n\t\t\t\t<a href='https:\/\/zspbierdzany.pl\/index.php\/2022\/10\/03\/ogolnopolski-dzien-glosnego-czytania-2022\/img-20220930-wa0002\/'><img loading=\"lazy\" decoding=\"async\" width=\"150\" height=\"150\" src=\"https:\/\/zspbierdzany.pl\/wp-content\/uploads\/2022\/10\/IMG-20220930-WA0002-150x150.jpg\" class=\"attachment-thumbnail size-thumbnail\" alt=\"\" sizes=\"(max-width: 34.9rem) calc(100vw - 2rem), (max-width: 53rem) calc(8 * (100vw \/ 12)), (min-width: 53rem) calc(6 * (100vw \/ 12)), 100vw\" \/><\/a>\n\t\t\t<\/div><\/figure>\n\t\t<\/div>\n\n<p>&nbsp;<\/p>\n","protected":false},"excerpt":{"rendered":"<p>W ramach szkolnych obchod\u00f3w Og\u00f3lnopolskiego Dnia G\u0142o\u015bnego Czytania odby\u0142o si\u0119 spotkanie wszystkich klas, podczas kt\u00f3rego \u00f3smoklasi\u015bci, czytali na g\u0142os fragmenty wybranych ksi\u0105\u017cek zakupionych w ostatnim czasie do biblioteki szkolnej. &nbsp;<\/p>\n","protected":false},"author":2,"featured_media":2087,"comment_status":"open","ping_status":"open","sticky":false,"template":"","format":"standard","meta":{"footnotes":""},"categories":[1],"tags":[],"_links":{"self":[{"href":"https:\/\/zspbierdzany.pl\/index.php\/wp-json\/wp\/v2\/posts\/2081"}],"collection":[{"href":"https:\/\/zspbierdzany.pl\/index.php\/wp-json\/wp\/v2\/posts"}],"about":[{"href":"https:\/\/zspbierdzany.pl\/index.php\/wp-json\/wp\/v2\/types\/post"}],"author":[{"embeddable":true,"href":"https:\/\/zspbierdzany.pl\/index.php\/wp-json\/wp\/v2\/users\/2"}],"replies":[{"embeddable":true,"href":"https:\/\/zspbierdzany.pl\/index.php\/wp-json\/wp\/v2\/comments?post=2081"}],"version-history":[{"count":2,"href":"https:\/\/zspbierdzany.pl\/index.php\/wp-json\/wp\/v2\/posts\/2081\/revisions"}],"predecessor-version":[{"id":2089,"href":"https:\/\/zspbierdzany.pl\/index.php\/wp-json\/wp\/v2\/posts\/2081\/revisions\/2089"}],"wp:featuredmedia":[{"embeddable":true,"href":"https:\/\/zspbierdzany.pl\/index.php\/wp-json\/wp\/v2\/media\/2087"}],"wp:attachment":[{"href":"https:\/\/zspbierdzany.pl\/index.php\/wp-json\/wp\/v2\/media?parent=2081"}],"wp:term":[{"taxonomy":"category","embeddable":true,"href":"https:\/\/zspbierdzany.pl\/index.php\/wp-json\/wp\/v2\/categories?post=2081"},{"taxonomy":"post_tag","embeddable":true,"href":"https:\/\/zspbierdzany.pl\/index.php\/wp-json\/wp\/v2\/tags?post=2081"}],"curies":[{"name":"wp","href":"https:\/\/api.w.org\/{rel}","templated":true}]}}