{"id":2632,"date":"2022-12-04T20:43:32","date_gmt":"2022-12-04T20:43:32","guid":{"rendered":"https:\/\/zspbierdzany.pl\/?p=2632"},"modified":"2022-12-04T20:43:32","modified_gmt":"2022-12-04T20:43:32","slug":"swiateczna-paczka","status":"publish","type":"post","link":"https:\/\/zspbierdzany.pl\/index.php\/2022\/12\/04\/swiateczna-paczka\/","title":{"rendered":"&#8222;\u015awi\u0105teczna Paczka&#8221;"},"content":{"rendered":"<p style=\"text-align: center;\"><strong>\u201e\u015aWI\u0104TECZNA PACZKA<\/strong>\u201d<\/p>\n<p style=\"text-align: center;\">Po raz\u00a0 kolejny, \u00a0przed\u00a0 \u015awi\u0119tami Bo\u017cego Narodzenia, nasza szko\u0142a \u00a0organizuje akcj\u0119 \u201e\u015awi\u0105teczna Paczka\u201d.\u00a0 Zbieramy \u017cywno\u015b\u0107 \u00a0o d\u0142ugim terminie wa\u017cno\u015bci oraz \u015brodki czysto\u015bci.<\/p>\n<p style=\"text-align: center;\">Dary mo\u017cna przynosi\u0107 do szko\u0142y i wk\u0142ada\u0107 do specjalnie przygotowanego pude\u0142ka znajduj\u0105cego si\u0119 na szkolnym \u00a0korytarzu.<\/p>\n<p style=\"text-align: center;\">Zebrane produkty zostan\u0105 przekazane osobom potrzebuj\u0105cym.<\/p>\n<p style=\"text-align: center;\">Zbi\u00f3rka trwa \u00a0do 19 grudnia.<\/p>\n<p style=\"text-align: center;\">Wszystkim, kt\u00f3rzy zechc\u0105 zaanga\u017cowa\u0107 si\u0119 w nasz\u0105 akcj\u0119<br \/>\n<strong>SERDECZNIE DZI\u0118KUJEMY!<\/strong><\/p>\n<p><img loading=\"lazy\" decoding=\"async\" class=\"size-full wp-image-2633 aligncenter\" src=\"https:\/\/zspbierdzany.pl\/wp-content\/uploads\/2022\/12\/paczka.png\" alt=\"\" width=\"258\" height=\"245\" \/><\/p>\n","protected":false},"excerpt":{"rendered":"<p>\u201e\u015aWI\u0104TECZNA PACZKA\u201d Po raz\u00a0 kolejny, \u00a0przed\u00a0 \u015awi\u0119tami Bo\u017cego Narodzenia, nasza szko\u0142a \u00a0organizuje akcj\u0119 \u201e\u015awi\u0105teczna Paczka\u201d.\u00a0 Zbieramy \u017cywno\u015b\u0107 \u00a0o d\u0142ugim terminie wa\u017cno\u015bci oraz \u015brodki czysto\u015bci. Dary mo\u017cna przynosi\u0107 do szko\u0142y i wk\u0142ada\u0107 do specjalnie przygotowanego pude\u0142ka znajduj\u0105cego si\u0119 na szkolnym \u00a0korytarzu. Zebrane produkty zostan\u0105 przekazane osobom potrzebuj\u0105cym. Zbi\u00f3rka trwa \u00a0do 19 grudnia. Wszystkim, kt\u00f3rzy zechc\u0105 zaanga\u017cowa\u0107 &hellip; <\/p>\n<p class=\"link-more\"><a href=\"https:\/\/zspbierdzany.pl\/index.php\/2022\/12\/04\/swiateczna-paczka\/\" class=\"more-link\">Czytaj dalej<span class=\"screen-reader-text\"> &#8222;\u015awi\u0105teczna Paczka&#8221;<\/span><\/a><\/p>\n","protected":false},"author":2,"featured_media":2633,"comment_status":"open","ping_status":"open","sticky":false,"template":"","format":"standard","meta":{"footnotes":""},"categories":[1],"tags":[],"_links":{"self":[{"href":"https:\/\/zspbierdzany.pl\/index.php\/wp-json\/wp\/v2\/posts\/2632"}],"collection":[{"href":"https:\/\/zspbierdzany.pl\/index.php\/wp-json\/wp\/v2\/posts"}],"about":[{"href":"https:\/\/zspbierdzany.pl\/index.php\/wp-json\/wp\/v2\/types\/post"}],"author":[{"embeddable":true,"href":"https:\/\/zspbierdzany.pl\/index.php\/wp-json\/wp\/v2\/users\/2"}],"replies":[{"embeddable":true,"href":"https:\/\/zspbierdzany.pl\/index.php\/wp-json\/wp\/v2\/comments?post=2632"}],"version-history":[{"count":2,"href":"https:\/\/zspbierdzany.pl\/index.php\/wp-json\/wp\/v2\/posts\/2632\/revisions"}],"predecessor-version":[{"id":2635,"href":"https:\/\/zspbierdzany.pl\/index.php\/wp-json\/wp\/v2\/posts\/2632\/revisions\/2635"}],"wp:featuredmedia":[{"embeddable":true,"href":"https:\/\/zspbierdzany.pl\/index.php\/wp-json\/wp\/v2\/media\/2633"}],"wp:attachment":[{"href":"https:\/\/zspbierdzany.pl\/index.php\/wp-json\/wp\/v2\/media?parent=2632"}],"wp:term":[{"taxonomy":"category","embeddable":true,"href":"https:\/\/zspbierdzany.pl\/index.php\/wp-json\/wp\/v2\/categories?post=2632"},{"taxonomy":"post_tag","embeddable":true,"href":"https:\/\/zspbierdzany.pl\/index.php\/wp-json\/wp\/v2\/tags?post=2632"}],"curies":[{"name":"wp","href":"https:\/\/api.w.org\/{rel}","templated":true}]}}