{"id":2996,"date":"2023-03-20T16:15:50","date_gmt":"2023-03-20T16:15:50","guid":{"rendered":"https:\/\/zspbierdzany.pl\/?p=2996"},"modified":"2023-03-20T16:15:50","modified_gmt":"2023-03-20T16:15:50","slug":"wyniki-rekrutacji-do-przedszkola-i-klasy-pierwszej-zespolu-szkolno-przedszkolnego-w-bierdzanach-na-rok-szkolny-2023-2024","status":"publish","type":"post","link":"https:\/\/zspbierdzany.pl\/index.php\/2023\/03\/20\/wyniki-rekrutacji-do-przedszkola-i-klasy-pierwszej-zespolu-szkolno-przedszkolnego-w-bierdzanach-na-rok-szkolny-2023-2024\/","title":{"rendered":"Wyniki rekrutacji do przedszkola i klasy pierwszej Zespo\u0142u Szkolno-Przedszkolnego w Bierdzanach na rok szkolny 2023\/2024"},"content":{"rendered":"<p>Informujemy, \u017ce wszystkie wnioski o przyj\u0119cie do przedszkola i klasy pierwszej w roku szkolnym 2023\/2024, z\u0142o\u017cone w pierwszym etapie rekrutacji, zosta\u0142y rozpatrzone pozytywnie. Lista przyj\u0119tych do przedszkola jest udost\u0119pniona na gazetce w przedszkolu, do szko\u0142y w kancelarii Szko\u0142y. Prosimy Rodzic\u00f3w o z\u0142o\u017cenie w dniach 21-27 marca 2023 r. pisemnego o\u015bwiadczenia woli zapisania dziecka &#8211; zgodnie z <strong>Zarz\u0105dzeniem nr OR.0050.8.2023\u00a0 W\u00f3jta Gminy Turawa<i> <\/i><span class=\"fontstyle2\">z dnia 13 stycznia 2023 r. <\/span><\/strong><span class=\"fontstyle2\">Dokument mo\u017cna zredagowa\u0107 odr\u0119cznie lub skorzysta\u0107 z poni\u017cszego formularza.<\/span><\/p>\n<p>\u2026\u2026\u2026\u2026\u2026\u2026\u2026\u2026\u2026\u2026\u2026\u2026\u2026\u2026\u2026<\/p>\n<p><em>(imi\u0119 i nazwisko rodzica)<\/em><\/p>\n<p>\u2026\u2026\u2026\u2026\u2026\u2026\u2026\u2026\u2026\u2026\u2026\u2026\u2026\u2026\u2026<\/p>\n<p><em>(adres do korespondencji)<\/em><\/p>\n<p>&nbsp;<\/p>\n<p style=\"text-align: center;\"><strong>Potwierdzenie woli przyj\u0119cia dziecka do przedszkola<\/strong><\/p>\n<p>&nbsp;<\/p>\n<p>Potwierdzam wol\u0119 przyj\u0119cia \u2026\u2026\u2026\u2026\u2026\u2026\u2026\u2026\u2026\u2026\u2026..\u2026 <em>(imi\u0119 i nazwisko kandydata)<\/em> do Przedszkola \u00a0w Zespole Szkolno-Przedszkolnym w Bierdzanach na rok szkolny 2023\/2024.<\/p>\n<p>&nbsp;<\/p>\n<p style=\"text-align: right;\"><em>\u2026\u2026\u2026\u2026\u2026\u2026\u2026\u2026\u2026\u2026..\u2026<\/em><\/p>\n<p style=\"text-align: right;\"><em>(podpis rodzica)\u00a0 \u00a0 \u00a0 \u00a0 \u00a0<\/em><\/p>\n","protected":false},"excerpt":{"rendered":"<p>Informujemy, \u017ce wszystkie wnioski o przyj\u0119cie do przedszkola i klasy pierwszej w roku szkolnym 2023\/2024, z\u0142o\u017cone w pierwszym etapie rekrutacji, zosta\u0142y rozpatrzone pozytywnie. Lista przyj\u0119tych do przedszkola jest udost\u0119pniona na gazetce w przedszkolu, do szko\u0142y w kancelarii Szko\u0142y. Prosimy Rodzic\u00f3w o z\u0142o\u017cenie w dniach 21-27 marca 2023 r. pisemnego o\u015bwiadczenia woli zapisania dziecka &#8211; zgodnie &hellip; <\/p>\n<p class=\"link-more\"><a href=\"https:\/\/zspbierdzany.pl\/index.php\/2023\/03\/20\/wyniki-rekrutacji-do-przedszkola-i-klasy-pierwszej-zespolu-szkolno-przedszkolnego-w-bierdzanach-na-rok-szkolny-2023-2024\/\" class=\"more-link\">Czytaj dalej<span class=\"screen-reader-text\"> Wyniki rekrutacji do przedszkola i klasy pierwszej Zespo\u0142u Szkolno-Przedszkolnego w Bierdzanach na rok szkolny 2023\/2024<\/span><\/a><\/p>\n","protected":false},"author":2,"featured_media":0,"comment_status":"open","ping_status":"open","sticky":false,"template":"","format":"standard","meta":{"footnotes":""},"categories":[1],"tags":[],"_links":{"self":[{"href":"https:\/\/zspbierdzany.pl\/index.php\/wp-json\/wp\/v2\/posts\/2996"}],"collection":[{"href":"https:\/\/zspbierdzany.pl\/index.php\/wp-json\/wp\/v2\/posts"}],"about":[{"href":"https:\/\/zspbierdzany.pl\/index.php\/wp-json\/wp\/v2\/types\/post"}],"author":[{"embeddable":true,"href":"https:\/\/zspbierdzany.pl\/index.php\/wp-json\/wp\/v2\/users\/2"}],"replies":[{"embeddable":true,"href":"https:\/\/zspbierdzany.pl\/index.php\/wp-json\/wp\/v2\/comments?post=2996"}],"version-history":[{"count":1,"href":"https:\/\/zspbierdzany.pl\/index.php\/wp-json\/wp\/v2\/posts\/2996\/revisions"}],"predecessor-version":[{"id":2997,"href":"https:\/\/zspbierdzany.pl\/index.php\/wp-json\/wp\/v2\/posts\/2996\/revisions\/2997"}],"wp:attachment":[{"href":"https:\/\/zspbierdzany.pl\/index.php\/wp-json\/wp\/v2\/media?parent=2996"}],"wp:term":[{"taxonomy":"category","embeddable":true,"href":"https:\/\/zspbierdzany.pl\/index.php\/wp-json\/wp\/v2\/categories?post=2996"},{"taxonomy":"post_tag","embeddable":true,"href":"https:\/\/zspbierdzany.pl\/index.php\/wp-json\/wp\/v2\/tags?post=2996"}],"curies":[{"name":"wp","href":"https:\/\/api.w.org\/{rel}","templated":true}]}}