{"id":3151,"date":"2023-05-12T22:07:23","date_gmt":"2023-05-12T22:07:23","guid":{"rendered":"https:\/\/zspbierdzany.pl\/?p=3151"},"modified":"2023-05-12T22:07:23","modified_gmt":"2023-05-12T22:07:23","slug":"zapraszamy-dzieci-przedszkolne-do-wziecia-udzialu-w-konkursie-plastycznym","status":"publish","type":"post","link":"https:\/\/zspbierdzany.pl\/index.php\/2023\/05\/12\/zapraszamy-dzieci-przedszkolne-do-wziecia-udzialu-w-konkursie-plastycznym\/","title":{"rendered":"Zapraszamy dzieci przedszkolne do wzi\u0119cia udzia\u0142u w konkursie plastycznym"},"content":{"rendered":"<p style=\"text-align: center;\"><strong>REGULAMIN KONKURSU PLASTYCZNEGO<\/strong><\/p>\n<p style=\"text-align: center;\"><strong>\u00a0<\/strong><strong>\u201eWiosenna \u0142\u0105ka\u201d<\/strong><\/p>\n<p><img loading=\"lazy\" decoding=\"async\" class=\"alignnone  wp-image-3152 aligncenter\" src=\"https:\/\/zspbierdzany.pl\/wp-content\/uploads\/2023\/05\/laka-300x200.jpg\" alt=\"\" width=\"674\" height=\"449\" srcset=\"https:\/\/zspbierdzany.pl\/wp-content\/uploads\/2023\/05\/laka-300x200.jpg 300w, https:\/\/zspbierdzany.pl\/wp-content\/uploads\/2023\/05\/laka-768x512.jpg 768w, https:\/\/zspbierdzany.pl\/wp-content\/uploads\/2023\/05\/laka.jpg 960w\" sizes=\"(max-width: 674px) 100vw, 674px\" \/><\/p>\n<p>Organizatorem konkursu plastycznego jest Zesp\u00f3\u0142 Szkolno-Przedszkolny w Bierdzanach.<\/p>\n<ol>\n<li><u>Cele konkursu:<\/u><\/li>\n<\/ol>\n<ul>\n<li>ukazanie pi\u0119kna majowej przyrody;<\/li>\n<li>rozbudzanie zainteresowa\u0144 \u015bwiatem ro\u015blin i zwierz\u0105t;<\/li>\n<li>rozwijanie wyobra\u017ani i kreatywno\u015bci dziecka;<\/li>\n<li>prezentacja i popularyzacja tw\u00f3rczo\u015bci dzieci\u0119cej<\/li>\n<\/ul>\n<ol>\n<li><u>Zasady konkursu:<\/u><\/li>\n<\/ol>\n<ol>\n<li>Czas trwania konkursu: <strong>12.05.2023r. &#8211; 25.05.2023r.<\/strong><\/li>\n<li>Uczestnicy: dzieci ucz\u0119szczaj\u0105ce do przedszkola w Zespole Szkolno-Przedszkolnym<br \/>\nw Bierdzanach.<\/li>\n<li>Wymagania techniczne:<\/li>\n<\/ol>\n<ol>\n<li>format pracy: A3 lub A4,<\/li>\n<li>technika dowolna, p\u0142aska lub przestrzenna<\/li>\n<li>Metryczka:<\/li>\n<\/ol>\n<p>Ka\u017cda praca powinna mie\u0107 do\u0142\u0105czon\u0105 metryczk\u0119 zawieraj\u0105c\u0105:<\/p>\n<p><strong>imi\u0119 i nazwisko dziecka<\/strong> \u2013 autora pracy,<\/p>\n<p><strong>wiek dziecka<\/strong> \u2013 autora pracy,<\/p>\n<p><strong>imi\u0119 i nazwisko rodzica\/opiekuna prawnego<\/strong>, pod kt\u00f3rego kierunkiem zosta\u0142a wykonana praca.<\/p>\n<ol start=\"5\">\n<li>Wykonan\u0105 prac\u0119 nale\u017cy przekaza\u0107 wychowawcy grupy do dn. 25.05.2023 r.<\/li>\n<li>Oceny prac dokona powo\u0142ane przez organizatora jury.<\/li>\n<li>Kryteria oceny:<\/li>\n<\/ol>\n<p>&#8211; zgodno\u015b\u0107 z tematem,<\/p>\n<p>&#8211; oryginalno\u015b\u0107 uj\u0119cia tematu i pomys\u0142owo\u015b\u0107,<\/p>\n<p>&#8211; estetyka i staranno\u015b\u0107 wykonania.<\/p>\n<ol start=\"8\">\n<li>Nagrody:<\/li>\n<\/ol>\n<p>W konkursie przewidziano nagrody za I miejsce, II miejsce i III miejsce oraz wyr\u00f3\u017cnienia dla uczestnik\u00f3w w dw\u00f3ch kategoriach wiekowych: <strong>grupa I: 3-4 latki; grupa II: 5-6 latki .<br \/>\n<\/strong>9. <strong>Rozstrzygni\u0119cie konkursu<\/strong> nast\u0105pi do ko\u0144ca maja 2023 r. Wyniki konkursu zostan\u0105 opublikowane na stronie internetowej Zespo\u0142u Szkolno-Przedszkolnego w Bierdzanach oraz umieszczone na tablicy og\u0142osze\u0144 w przedszkolu.<\/p>\n<p>10.Uczestnictwo w konkursie oznacza udzielenie zgody na publikacj\u0119 imienia i nazwiska jego uczestnika oraz prezentacj\u0119 pracy na terenie Zespo\u0142u Szkolno-Przedszkolnego w Bierdzanach.<\/p>\n<ol start=\"11\">\n<li>Uwagi ko\u0144cowe:<\/li>\n<\/ol>\n<p>Prace pozostaj\u0105 do dyspozycji organizator\u00f3w i przechodz\u0105 na w\u0142asno\u015b\u0107 Zespo\u0142u Szkolno-Przedszkolnego w Bierdzanach.<\/p>\n<p>Regulamin konkursu mo\u017cna znale\u017a\u0107 na stronie internetowej: zspbierdzany.pl<\/p>\n<p>&nbsp;<\/p>\n<p>Wszelkich informacji na temat konkursu udzielaj\u0105: Joanna Polaszczyk, Sandra Bittner<\/p>\n<p>&nbsp;<\/p>\n<p style=\"text-align: center;\"><strong><em>\u017bYCZYMY POWODZENIA I WENY TW\u00d3RCZEJ<\/em><\/strong><\/p>\n","protected":false},"excerpt":{"rendered":"<p>REGULAMIN KONKURSU PLASTYCZNEGO \u00a0\u201eWiosenna \u0142\u0105ka\u201d Organizatorem konkursu plastycznego jest Zesp\u00f3\u0142 Szkolno-Przedszkolny w Bierdzanach. Cele konkursu: ukazanie pi\u0119kna majowej przyrody; rozbudzanie zainteresowa\u0144 \u015bwiatem ro\u015blin i zwierz\u0105t; rozwijanie wyobra\u017ani i kreatywno\u015bci dziecka; prezentacja i popularyzacja tw\u00f3rczo\u015bci dzieci\u0119cej Zasady konkursu: Czas trwania konkursu: 12.05.2023r. &#8211; 25.05.2023r. Uczestnicy: dzieci ucz\u0119szczaj\u0105ce do przedszkola w Zespole Szkolno-Przedszkolnym w Bierdzanach. Wymagania techniczne: &hellip; <\/p>\n<p class=\"link-more\"><a href=\"https:\/\/zspbierdzany.pl\/index.php\/2023\/05\/12\/zapraszamy-dzieci-przedszkolne-do-wziecia-udzialu-w-konkursie-plastycznym\/\" class=\"more-link\">Czytaj dalej<span class=\"screen-reader-text\"> Zapraszamy dzieci przedszkolne do wzi\u0119cia udzia\u0142u w konkursie plastycznym<\/span><\/a><\/p>\n","protected":false},"author":2,"featured_media":0,"comment_status":"open","ping_status":"open","sticky":false,"template":"","format":"standard","meta":{"footnotes":""},"categories":[1],"tags":[],"_links":{"self":[{"href":"https:\/\/zspbierdzany.pl\/index.php\/wp-json\/wp\/v2\/posts\/3151"}],"collection":[{"href":"https:\/\/zspbierdzany.pl\/index.php\/wp-json\/wp\/v2\/posts"}],"about":[{"href":"https:\/\/zspbierdzany.pl\/index.php\/wp-json\/wp\/v2\/types\/post"}],"author":[{"embeddable":true,"href":"https:\/\/zspbierdzany.pl\/index.php\/wp-json\/wp\/v2\/users\/2"}],"replies":[{"embeddable":true,"href":"https:\/\/zspbierdzany.pl\/index.php\/wp-json\/wp\/v2\/comments?post=3151"}],"version-history":[{"count":1,"href":"https:\/\/zspbierdzany.pl\/index.php\/wp-json\/wp\/v2\/posts\/3151\/revisions"}],"predecessor-version":[{"id":3153,"href":"https:\/\/zspbierdzany.pl\/index.php\/wp-json\/wp\/v2\/posts\/3151\/revisions\/3153"}],"wp:attachment":[{"href":"https:\/\/zspbierdzany.pl\/index.php\/wp-json\/wp\/v2\/media?parent=3151"}],"wp:term":[{"taxonomy":"category","embeddable":true,"href":"https:\/\/zspbierdzany.pl\/index.php\/wp-json\/wp\/v2\/categories?post=3151"},{"taxonomy":"post_tag","embeddable":true,"href":"https:\/\/zspbierdzany.pl\/index.php\/wp-json\/wp\/v2\/tags?post=3151"}],"curies":[{"name":"wp","href":"https:\/\/api.w.org\/{rel}","templated":true}]}}