{"id":3244,"date":"2023-06-03T11:40:00","date_gmt":"2023-06-03T11:40:00","guid":{"rendered":"https:\/\/zspbierdzany.pl\/?p=3244"},"modified":"2023-06-03T12:01:29","modified_gmt":"2023-06-03T12:01:29","slug":"organizacja-dyzurow-wakacyjnych-w-przedszkolach","status":"publish","type":"post","link":"https:\/\/zspbierdzany.pl\/index.php\/2023\/06\/03\/organizacja-dyzurow-wakacyjnych-w-przedszkolach\/","title":{"rendered":"Organizacja dy\u017cur\u00f3w wakacyjnych  w przedszkolach"},"content":{"rendered":"<p style=\"text-align: center;\"><strong>Organizacja dy\u017cur\u00f3w wakacyjnych <\/strong><\/p>\n<p style=\"text-align: center;\"><strong>w przedszkolach publicznych Gminy Turawa w roku 2023 (rok szkolny 2022\/2023)<\/strong><\/p>\n<p>Szanowni Pa\u0144stwo,<\/p>\n<p>Przedszkola publiczne jako plac\u00f3wki nieferyjne funkcjonuj\u0105 przez ca\u0142y rok kalendarzowy, z miesi\u0119czn\u0105 przerw\u0105 wakacyjn\u0105 w lipcu lub sierpniu ustalon\u0105 przez organ prowadz\u0105cy na podstawie \u00a7 12 oraz \u00a7 18 rozporz\u0105dzenia Ministra Edukacji Narodowej z dnia 28 lutego 2019 r. w sprawie szczeg\u00f3\u0142owej organizacji publicznych szk\u00f3\u0142 i publicznych przedszkoli (Dz.U. z 2019 r., poz. 502) na wsp\u00f3lny wniosek dyrektora przedszkola i rady przedszkola, a w przypadku braku rady przedszkola \u2013 na wsp\u00f3lny wniosek dyrektora przedszkola i rady rodzic\u00f3w.<\/p>\n<p><strong>W zwi\u0105zku ograniczon\u0105 liczb\u0105 miejsc\u00a0 opieka w miesi\u0105cach wakacyjnych organizowana jest tylko dla tych dzieci, kt\u00f3rych oboje rodzice pracuj\u0105 i nie s\u0105 w stanie zapewni\u0107 opieki lub wakacyjnego wypoczynku dla swoich dzieci<\/strong>. Dyrektor danego przedszkola, czynnego w miesi\u0105cu lipcu lub sierpniu, organizuje opiek\u0119 dla dzieci ucz\u0119szczaj\u0105cych do tego przedszkola, <strong>je\u017celi rodzice w wyznaczonym terminie zg\u0142osz\u0105 takie zapotrzebowanie<\/strong>, a w miar\u0119 mo\u017cliwo\u015bci organizacyjnych, r\u00f3wnie\u017c dla dzieci z innych pobliskich przedszkoli, w uzgodnieniu z dyrektorami przedszkoli, kt\u00f3re w danym miesi\u0105cu maj\u0105 przerw\u0119 wakacyjn\u0105.<\/p>\n<p><strong>Dyrektorzy wszystkich przedszkoli publicznych w terminie 05 czerwca \u2013 do 16 czerwca 2023 r. przyjmuj\u0105 zg\u0142oszenia od rodzic\u00f3w wychowank\u00f3w, ucz\u0119szczaj\u0105cych do danego przedszkola w roku szkolnym 2022\/2023<\/strong>, na opiek\u0119 w miesi\u0105cach wakacyjnych.<\/p>\n<p>Wyznaczenie terminu na zg\u0142oszenia jest niezb\u0119dne ze wzgl\u0119d\u00f3w organizacyjnych, poniewa\u017c dyrektor danego przedszkola musi dokona\u0107 oceny ile dzieci b\u0119dzie mog\u0142o by\u0107 przyj\u0119tych z innego przedszkola, kt\u00f3re w danym miesi\u0105cu wakacyjnym b\u0119dzie nieczynne oraz powiadomi\u0107 dyrektor\u00f3w pozosta\u0142ych przedszkoli, iloma wolnymi miejscami przedszkole b\u0119dzie dysponowa\u0142o w miesi\u0105cu dy\u017curu wakacyjnego.<\/p>\n<p>Przerwy w dzia\u0142alno\u015bci przedszkola w okresie wakacyjnym zwi\u0105zane s\u0105 przede wszystkim z konieczno\u015bci\u0105 dokonania niezb\u0119dnych prac remontowo-modernizacyjnych budynk\u00f3w. Ponadto wymiar urlopu wypoczynkowego nauczycieli przedszkoli wynosi 35 dni roboczych, a przerwa wakacyjna trwa jeden miesi\u0105c, dlatego nauczyciele cz\u0119\u015b\u0107 swojego urlopu wykorzystuj\u0105 r\u00f3wnie\u017c w drugim miesi\u0105cu wakacyjnym, w kt\u00f3rym przedszkole pe\u0142ni dy\u017cur, je\u017celi liczba dzieci zg\u0142oszonych na miesi\u0105ce wakacyjne jest mniejsza, ani\u017celi og\u00f3lna liczba dzieci zapisanych do przedszkola na dany rok szkolny (podstawa prawna: Ustawa z dnia 26 stycznia 1982 r. Karta Nauczyciela, z p\u00f3\u017an. zm.; Liczba dni roboczych w 2023 r. wynosi 21 dni w lipcu i 22 dni w sierpniu).<\/p>\n<p><strong>Rodzice dokonuj\u0105 zg\u0142osze\u0144 dzieci na miesi\u0105ce wakacyjne tylko w przedszkolu, do kt\u00f3rego dziecko ucz\u0119szcza w bie\u017c\u0105cym roku szkolnym.<\/strong><\/p>\n<p>Dyrektorzy przedszkoli nieczynnych w danym miesi\u0105cu wakacyjnym, b\u0119d\u0105 powiadamiali rodzic\u00f3w swoich wychowank\u00f3w, kt\u00f3rzy zg\u0142osili uzasadnion\u0105 potrzeb\u0119 opieki dla swojego dziecka, do kt\u00f3rego przedszkola dy\u017curuj\u0105cego dziecko b\u0119dzie ucz\u0119szcza\u0142o w drugim miesi\u0105cu, w kt\u00f3rym przedszkole b\u0119dzie nieczynne.<\/p>\n<p>Ka\u017cde przedszkole pe\u0142ni\u0105ce dy\u017cur w jednym z miesi\u0119cy wakacyjnych b\u0119dzie mog\u0142o zapewni\u0107 opiek\u0119 dzieciom z przedszkoli nieczynnych w liczbie nie wi\u0119kszej, ni\u017c liczba dzieci, kt\u00f3re obecnie ucz\u0119szczaj\u0105 do tego przedszkola, a w miesi\u0105cu dy\u017curu wakacyjnego nie b\u0119d\u0105 korzysta\u0142y z opieki przedszkolnej.<\/p>\n<p>W zwi\u0105zku z powy\u017cszym wszyscy Rodzice dzieci ucz\u0119szczaj\u0105cych do przedszkoli w roku szkolnym 2022\/2023 maj\u0105 obowi\u0105zek:<\/p>\n<ul>\n<li>W terminie <strong>05 czerwca &#8211; 16 czerwca 2023 r. dokona\u0107 zg\u0142oszenia dziecka na miesi\u0105ce lipiec\/sierpie\u0144<\/strong> u dyrektora przedszkola, do kt\u00f3rego dziecko obecnie ucz\u0119szcza. Druki zg\u0142oszeniowe Rodzice otrzymaj\u0105 w swoich macierzystych przedszkolach.<\/li>\n<li><strong>Okre\u015bli\u0107 dok\u0142adny termin pobytu dziecka w przedszkolu<\/strong> w miesi\u0105cu, w kt\u00f3rym przedszkole macierzyste dziecka pe\u0142ni dy\u017cur wakacyjny oraz <strong>okre\u015bla\u0107 dok\u0142adny termin pobytu dziecka w przypadku, gdy przedszkole macierzyste b\u0119dzie mia\u0142o przerw\u0119 wakacyjn\u0105,<\/strong> a rodzice nie maj\u0105 mo\u017cliwo\u015bci zapewnienia w tym czasie swojemu dziecku \u017cadnej formy opieki;<\/li>\n<\/ul>\n<p><strong>W przypadku, gdy rodzice nie dokonaj\u0105 zg\u0142oszenia na opiek\u0119 w miesi\u0105cach wakacyjnych i nie z\u0142o\u017c\u0105 wniosku\u00a0 w przedszkolu, do kt\u00f3rego dziecko ucz\u0119szcza, w wy\u017cej wyznaczonych terminach &#8211; b\u0119d\u0105 musieli sami zadba\u0107 o organizacj\u0119 opieki dla swojego dziecka. Obj\u0119cie dziecka opiek\u0105 w przedszkolu b\u0119dzie mo\u017cliwe tylko w przypadku, gdy przedszkole b\u0119dzie dysponowa\u0142o jeszcze wolnym miejscem.<\/strong><\/p>\n<p>Zamieszczony poni\u017cej wykaz dy\u017cur\u00f3w przedszkoli w miesi\u0105cach wakacyjnych,\u00a0 ma na celu u\u0142atwienie Rodzicom lokalizacji przedszkoli dy\u017curuj\u0105cych ewentualnie w przypadkach szczeg\u00f3lnych, nieprzewidzianych wcze\u015bniej, znalezienie opieki dla swojego dziecka w innym przedszkolu, w miesi\u0105cu lipcu lub sierpniu. Jednak opieka dla dziecka b\u0119dzie to mo\u017cliwe tylko w przypadku, gdy dane przedszkole b\u0119dzie jeszcze dysponowa\u0142o wolnymi miejscami.<\/p>\n<p>&nbsp;<\/p>\n<p style=\"text-align: right;\">\u00a0\u00a0\u00a0\u00a0\u00a0\u00a0\u00a0\u00a0\u00a0\u00a0\u00a0\u00a0\u00a0\u00a0\u00a0\u00a0\u00a0\u00a0\u00a0\u00a0\u00a0\u00a0\u00a0\u00a0\u00a0\u00a0\u00a0\u00a0\u00a0\u00a0\u00a0\u00a0\u00a0\u00a0\u00a0\u00a0\u00a0\u00a0\u00a0\u00a0\u00a0\u00a0\u00a0\u00a0\u00a0\u00a0\u00a0\u00a0\u00a0\u00a0\u00a0\u00a0\u00a0\u00a0\u00a0\u00a0\u00a0\u00a0\u00a0\u00a0\u00a0\u00a0\u00a0\u00a0\u00a0\u00a0\u00a0\u00a0\u00a0\u00a0 Dyrektor Gminnego Zespo\u0142u<\/p>\n<p style=\"text-align: right;\">\u00a0\u00a0\u00a0\u00a0\u00a0\u00a0\u00a0\u00a0\u00a0\u00a0\u00a0\u00a0\u00a0\u00a0\u00a0\u00a0\u00a0\u00a0\u00a0\u00a0\u00a0\u00a0\u00a0\u00a0\u00a0\u00a0\u00a0\u00a0\u00a0\u00a0\u00a0\u00a0\u00a0\u00a0\u00a0\u00a0\u00a0\u00a0\u00a0\u00a0\u00a0\u00a0\u00a0\u00a0\u00a0\u00a0 Ekonomiczno \u2013 Administracyjnego Szk\u00f3\u0142 w Turawie<\/p>\n<p style=\"text-align: right;\">\u00a0\u00a0\u00a0\u00a0\u00a0\u00a0\u00a0\u00a0\u00a0\u00a0\u00a0\u00a0\u00a0\u00a0\u00a0\u00a0\u00a0\u00a0\u00a0\u00a0\u00a0\u00a0\u00a0\u00a0\u00a0\u00a0\u00a0\u00a0\u00a0\u00a0\u00a0\u00a0\u00a0\u00a0\u00a0\u00a0\u00a0\u00a0\u00a0\u00a0\u00a0\u00a0\u00a0\u00a0\u00a0\u00a0\u00a0\u00a0\u00a0\u00a0\u00a0\u00a0\u00a0\u00a0\u00a0\u00a0\u00a0\u00a0\u00a0\u00a0\u00a0\u00a0\u00a0\u00a0\u00a0\u00a0\u00a0\u00a0\u00a0\u00a0\u00a0\u00a0\u00a0\u00a0\u00a0\u00a0\u00a0\u00a0\u00a0\u00a0\u00a0\u00a0 Jerzy Musielak<\/p>\n<p>&nbsp;<\/p>\n<p style=\"text-align: left;\">Turawa, 02.06.2023 r.<\/p>\n<p>&nbsp;<\/p>\n<p style=\"text-align: center;\">Dy\u017cury wakacyjne przedszkoli Gminy Turawa<\/p>\n<table width=\"0\">\n<tbody>\n<tr>\n<td width=\"203\">Przedszkole<\/td>\n<td width=\"116\">\n<p style=\"text-align: center;\">Lipiec 2023<\/p>\n<\/td>\n<td width=\"113\">\n<p style=\"text-align: center;\">Sierpie\u0144 2023<\/p>\n<\/td>\n<td width=\"236\">kontakt<\/td>\n<\/tr>\n<tr>\n<td width=\"203\">Zesp\u00f3\u0142 Szkolno-Przedszkolny<\/p>\n<p>Publiczne Przedszkole<\/p>\n<p>w Bierdzanach<\/td>\n<td width=\"116\">\n<p style=\"text-align: center;\">przerwa<\/p>\n<\/td>\n<td width=\"113\">\n<p style=\"text-align: center;\">dy\u017cur<\/p>\n<\/td>\n<td width=\"236\"><a href=\"mailto:psp.bierdzany@oswiata-turawa.pl\">psp.bierdzany@oswiata-turawa.pl<\/a><\/p>\n<p>77 4213214<\/p>\n<p>Bierdzany, ul. Szkolna 3a<\/td>\n<\/tr>\n<tr>\n<td width=\"203\">Publiczne Przedszkole<\/p>\n<p>w Kotorzu Ma\u0142ym<\/td>\n<td width=\"116\">\n<p style=\"text-align: center;\">dy\u017cur<\/p>\n<\/td>\n<td width=\"113\">\n<p style=\"text-align: center;\">przerwa<\/p>\n<\/td>\n<td width=\"236\"><a href=\"mailto:pp.kotorz@oswiata-turawa.pl\">pp.kotorz@oswiata-turawa.pl<\/a><\/p>\n<p>77 4212070<\/p>\n<p>Kot\u00f3rz Ma\u0142y, ul. 1Maja 5<\/td>\n<\/tr>\n<tr>\n<td width=\"203\">Publiczne Przedszkole<\/p>\n<p>w W\u0119grach<\/td>\n<td width=\"116\">\n<p style=\"text-align: center;\">dy\u017cur<\/p>\n<\/td>\n<td width=\"113\">\n<p style=\"text-align: center;\">przerwa<\/p>\n<\/td>\n<td width=\"236\"><a href=\"mailto:pp.wegry@oswiata-turawa.pl\">pp.wegry@oswiata-turawa.pl<\/a><\/p>\n<p>77 4212467<\/p>\n<p>W\u0119gry, ul. Opolska 14c<\/td>\n<\/tr>\n<tr>\n<td width=\"203\">Publiczne Przedszkole<\/p>\n<p>w Turawie<\/td>\n<td width=\"116\">\n<p style=\"text-align: center;\">przerwa<\/p>\n<\/td>\n<td width=\"113\">\n<p style=\"text-align: center;\">dy\u017cur<\/p>\n<\/td>\n<td width=\"236\"><a href=\"mailto:pp.turawa@oswiata-turawa.pl\">pp.turawa@oswiata-turawa.pl<\/a><\/p>\n<p>77 4212566<\/p>\n<p>Turawa, ul.Opolska 49<\/td>\n<\/tr>\n<tr>\n<td width=\"203\">Publiczne Przedszkole<\/p>\n<p>w Zawadzie<\/td>\n<td width=\"116\">\n<p style=\"text-align: center;\">przerwa<\/p>\n<\/td>\n<td width=\"113\">\n<p style=\"text-align: center;\">dy\u017cur<\/p>\n<\/td>\n<td width=\"236\"><a href=\"mailto:pp.zawada@oswiata-turawa.pl\">pp.zawada@oswiata-turawa.pl<\/a><\/p>\n<p>77 4212802<\/p>\n<p>Zawada, ul. Oleska 26<\/td>\n<\/tr>\n<tr>\n<td width=\"203\">Oddzia\u0142 Przedszkolny Publicznej Szko\u0142y Podstawowej w Osowcu<\/td>\n<td width=\"116\">\n<p style=\"text-align: center;\">dy\u017cur<\/p>\n<\/td>\n<td width=\"113\">\n<p style=\"text-align: center;\">przerwa<\/p>\n<\/td>\n<td width=\"236\"><a href=\"mailto:psp.osowiec@oswiata-turawa.pl\">psp.osowiec@oswiata-turawa.pl<\/a><\/p>\n<p>77 4212413<\/p>\n<p>Osowiec, ul. Lipowa 6<\/td>\n<\/tr>\n<tr>\n<td width=\"203\">Oddzia\u0142 Przedszkolny Publicznej Szko\u0142y Podstawowej w Ligocie Turawskiej<\/p>\n<p>Zakrz\u00f3w Turawski<\/td>\n<td width=\"116\">\n<p style=\"text-align: center;\">dy\u017cur<\/p>\n<\/td>\n<td width=\"113\">\n<p style=\"text-align: center;\">przerwa<\/p>\n<\/td>\n<td width=\"236\"><a href=\"mailto:psp.ligota@oswiata-turawa.pl\">psp.ligota@oswiata-turawa.pl<\/a><\/p>\n<p>77 4213105<\/p>\n<p>Ligota Turawska ul. G\u0142\u00f3wna 32<\/td>\n<\/tr>\n<\/tbody>\n<\/table>\n<p>&nbsp;<\/p>\n","protected":false},"excerpt":{"rendered":"<p>Organizacja dy\u017cur\u00f3w wakacyjnych w przedszkolach publicznych Gminy Turawa w roku 2023 (rok szkolny 2022\/2023) Szanowni Pa\u0144stwo, Przedszkola publiczne jako plac\u00f3wki nieferyjne funkcjonuj\u0105 przez ca\u0142y rok kalendarzowy, z miesi\u0119czn\u0105 przerw\u0105 wakacyjn\u0105 w lipcu lub sierpniu ustalon\u0105 przez organ prowadz\u0105cy na podstawie \u00a7 12 oraz \u00a7 18 rozporz\u0105dzenia Ministra Edukacji Narodowej z dnia 28 lutego 2019 r. &hellip; <\/p>\n<p class=\"link-more\"><a href=\"https:\/\/zspbierdzany.pl\/index.php\/2023\/06\/03\/organizacja-dyzurow-wakacyjnych-w-przedszkolach\/\" class=\"more-link\">Czytaj dalej<span class=\"screen-reader-text\"> Organizacja dy\u017cur\u00f3w wakacyjnych  w przedszkolach<\/span><\/a><\/p>\n","protected":false},"author":2,"featured_media":0,"comment_status":"open","ping_status":"open","sticky":false,"template":"","format":"standard","meta":{"footnotes":""},"categories":[1],"tags":[],"_links":{"self":[{"href":"https:\/\/zspbierdzany.pl\/index.php\/wp-json\/wp\/v2\/posts\/3244"}],"collection":[{"href":"https:\/\/zspbierdzany.pl\/index.php\/wp-json\/wp\/v2\/posts"}],"about":[{"href":"https:\/\/zspbierdzany.pl\/index.php\/wp-json\/wp\/v2\/types\/post"}],"author":[{"embeddable":true,"href":"https:\/\/zspbierdzany.pl\/index.php\/wp-json\/wp\/v2\/users\/2"}],"replies":[{"embeddable":true,"href":"https:\/\/zspbierdzany.pl\/index.php\/wp-json\/wp\/v2\/comments?post=3244"}],"version-history":[{"count":2,"href":"https:\/\/zspbierdzany.pl\/index.php\/wp-json\/wp\/v2\/posts\/3244\/revisions"}],"predecessor-version":[{"id":3246,"href":"https:\/\/zspbierdzany.pl\/index.php\/wp-json\/wp\/v2\/posts\/3244\/revisions\/3246"}],"wp:attachment":[{"href":"https:\/\/zspbierdzany.pl\/index.php\/wp-json\/wp\/v2\/media?parent=3244"}],"wp:term":[{"taxonomy":"category","embeddable":true,"href":"https:\/\/zspbierdzany.pl\/index.php\/wp-json\/wp\/v2\/categories?post=3244"},{"taxonomy":"post_tag","embeddable":true,"href":"https:\/\/zspbierdzany.pl\/index.php\/wp-json\/wp\/v2\/tags?post=3244"}],"curies":[{"name":"wp","href":"https:\/\/api.w.org\/{rel}","templated":true}]}}