{"id":3422,"date":"2023-09-16T18:39:55","date_gmt":"2023-09-16T18:39:55","guid":{"rendered":"https:\/\/zspbierdzany.pl\/?p=3422"},"modified":"2023-09-16T18:39:55","modified_gmt":"2023-09-16T18:39:55","slug":"inauguracja-roku-szkolnego-2023-2024","status":"publish","type":"post","link":"https:\/\/zspbierdzany.pl\/index.php\/2023\/09\/16\/inauguracja-roku-szkolnego-2023-2024\/","title":{"rendered":"Inauguracja roku szkolnego 2023\/2024"},"content":{"rendered":"<p>4 wrze\u015bnia na sali gimnastycznej odby\u0142o si\u0119 uroczyste rozpocz\u0119cie roku szkolnego 2023\/2024. Tu\u017c po pierwszym dzwonku Pani Dyrektor Ewa Gancarz serdecznie przywita\u0142a uczni\u00f3w Zespo\u0142u Szkolno-Przedszkolnego w Bierdzanach. Ten dzie\u0144 by\u0142 wyj\u0105tkowy zw\u0142aszcza dla naszych pierwszoklasist\u00f3w, kt\u00f3rzy zostali pasowani na uczni\u00f3w.<\/p>\n<p>Drodzy uczniowie \u017cyczymy wam roku pe\u0142nego rado\u015bci, spe\u0142niania swoich marze\u0144, osi\u0105gania zamierzonych cel\u00f3w, odszukania i\u00a0rozwijania swoich pasji i\u00a0zainteresowa\u0144!<\/p>\n<div id='gallery-1' class='gallery galleryid-3422 gallery-columns-3 gallery-size-thumbnail'><figure class='gallery-item'>\n\t\t\t<div class='gallery-icon landscape'>\n\t\t\t\t<a href='https:\/\/zspbierdzany.pl\/index.php\/2023\/09\/16\/inauguracja-roku-szkolnego-2023-2024\/img-20230904-wa0002\/'><img loading=\"lazy\" decoding=\"async\" width=\"150\" height=\"150\" src=\"https:\/\/zspbierdzany.pl\/wp-content\/uploads\/2023\/09\/IMG-20230904-WA0002-150x150.jpg\" class=\"attachment-thumbnail size-thumbnail\" alt=\"\" sizes=\"(max-width: 34.9rem) calc(100vw - 2rem), (max-width: 53rem) calc(8 * (100vw \/ 12)), (min-width: 53rem) calc(6 * (100vw \/ 12)), 100vw\" \/><\/a>\n\t\t\t<\/div><\/figure><figure class='gallery-item'>\n\t\t\t<div class='gallery-icon landscape'>\n\t\t\t\t<a href='https:\/\/zspbierdzany.pl\/index.php\/2023\/09\/16\/inauguracja-roku-szkolnego-2023-2024\/img-20230904-wa0005\/'><img loading=\"lazy\" decoding=\"async\" width=\"150\" height=\"150\" src=\"https:\/\/zspbierdzany.pl\/wp-content\/uploads\/2023\/09\/IMG-20230904-WA0005-150x150.jpg\" class=\"attachment-thumbnail size-thumbnail\" alt=\"\" sizes=\"(max-width: 34.9rem) calc(100vw - 2rem), (max-width: 53rem) calc(8 * (100vw \/ 12)), (min-width: 53rem) calc(6 * (100vw \/ 12)), 100vw\" \/><\/a>\n\t\t\t<\/div><\/figure><figure class='gallery-item'>\n\t\t\t<div class='gallery-icon portrait'>\n\t\t\t\t<a href='https:\/\/zspbierdzany.pl\/index.php\/2023\/09\/16\/inauguracja-roku-szkolnego-2023-2024\/img-20230904-wa0007\/'><img loading=\"lazy\" decoding=\"async\" width=\"150\" height=\"150\" src=\"https:\/\/zspbierdzany.pl\/wp-content\/uploads\/2023\/09\/IMG-20230904-WA0007-150x150.jpg\" class=\"attachment-thumbnail size-thumbnail\" alt=\"\" sizes=\"(max-width: 34.9rem) calc(100vw - 2rem), (max-width: 53rem) calc(8 * (100vw \/ 12)), (min-width: 53rem) calc(6 * (100vw \/ 12)), 100vw\" \/><\/a>\n\t\t\t<\/div><\/figure><figure class='gallery-item'>\n\t\t\t<div class='gallery-icon portrait'>\n\t\t\t\t<a href='https:\/\/zspbierdzany.pl\/index.php\/2023\/09\/16\/inauguracja-roku-szkolnego-2023-2024\/img-20230904-wa0010\/'><img loading=\"lazy\" decoding=\"async\" width=\"150\" height=\"150\" src=\"https:\/\/zspbierdzany.pl\/wp-content\/uploads\/2023\/09\/IMG-20230904-WA0010-150x150.jpg\" class=\"attachment-thumbnail size-thumbnail\" alt=\"\" sizes=\"(max-width: 34.9rem) calc(100vw - 2rem), (max-width: 53rem) calc(8 * (100vw \/ 12)), (min-width: 53rem) calc(6 * (100vw \/ 12)), 100vw\" \/><\/a>\n\t\t\t<\/div><\/figure><figure class='gallery-item'>\n\t\t\t<div class='gallery-icon landscape'>\n\t\t\t\t<a href='https:\/\/zspbierdzany.pl\/index.php\/2023\/09\/16\/inauguracja-roku-szkolnego-2023-2024\/img-20230904-wa0012\/'><img loading=\"lazy\" decoding=\"async\" width=\"150\" height=\"150\" src=\"https:\/\/zspbierdzany.pl\/wp-content\/uploads\/2023\/09\/IMG-20230904-WA0012-150x150.jpg\" class=\"attachment-thumbnail size-thumbnail\" alt=\"\" sizes=\"(max-width: 34.9rem) calc(100vw - 2rem), (max-width: 53rem) calc(8 * (100vw \/ 12)), (min-width: 53rem) calc(6 * (100vw \/ 12)), 100vw\" \/><\/a>\n\t\t\t<\/div><\/figure><figure class='gallery-item'>\n\t\t\t<div class='gallery-icon landscape'>\n\t\t\t\t<a href='https:\/\/zspbierdzany.pl\/index.php\/2023\/09\/16\/inauguracja-roku-szkolnego-2023-2024\/img-20230904-wa0013\/'><img loading=\"lazy\" decoding=\"async\" width=\"150\" height=\"150\" src=\"https:\/\/zspbierdzany.pl\/wp-content\/uploads\/2023\/09\/IMG-20230904-WA0013-150x150.jpg\" class=\"attachment-thumbnail size-thumbnail\" alt=\"\" sizes=\"(max-width: 34.9rem) calc(100vw - 2rem), (max-width: 53rem) calc(8 * (100vw \/ 12)), (min-width: 53rem) calc(6 * (100vw \/ 12)), 100vw\" \/><\/a>\n\t\t\t<\/div><\/figure>\n\t\t<\/div>\n\n","protected":false},"excerpt":{"rendered":"<p>4 wrze\u015bnia na sali gimnastycznej odby\u0142o si\u0119 uroczyste rozpocz\u0119cie roku szkolnego 2023\/2024. Tu\u017c po pierwszym dzwonku Pani Dyrektor Ewa Gancarz serdecznie przywita\u0142a uczni\u00f3w Zespo\u0142u Szkolno-Przedszkolnego w Bierdzanach. Ten dzie\u0144 by\u0142 wyj\u0105tkowy zw\u0142aszcza dla naszych pierwszoklasist\u00f3w, kt\u00f3rzy zostali pasowani na uczni\u00f3w. Drodzy uczniowie \u017cyczymy wam roku pe\u0142nego rado\u015bci, spe\u0142niania swoich marze\u0144, osi\u0105gania zamierzonych cel\u00f3w, odszukania i\u00a0rozwijania &hellip; <\/p>\n<p class=\"link-more\"><a href=\"https:\/\/zspbierdzany.pl\/index.php\/2023\/09\/16\/inauguracja-roku-szkolnego-2023-2024\/\" class=\"more-link\">Czytaj dalej<span class=\"screen-reader-text\"> Inauguracja roku szkolnego 2023\/2024<\/span><\/a><\/p>\n","protected":false},"author":2,"featured_media":3431,"comment_status":"open","ping_status":"open","sticky":false,"template":"","format":"standard","meta":{"footnotes":""},"categories":[1],"tags":[],"_links":{"self":[{"href":"https:\/\/zspbierdzany.pl\/index.php\/wp-json\/wp\/v2\/posts\/3422"}],"collection":[{"href":"https:\/\/zspbierdzany.pl\/index.php\/wp-json\/wp\/v2\/posts"}],"about":[{"href":"https:\/\/zspbierdzany.pl\/index.php\/wp-json\/wp\/v2\/types\/post"}],"author":[{"embeddable":true,"href":"https:\/\/zspbierdzany.pl\/index.php\/wp-json\/wp\/v2\/users\/2"}],"replies":[{"embeddable":true,"href":"https:\/\/zspbierdzany.pl\/index.php\/wp-json\/wp\/v2\/comments?post=3422"}],"version-history":[{"count":1,"href":"https:\/\/zspbierdzany.pl\/index.php\/wp-json\/wp\/v2\/posts\/3422\/revisions"}],"predecessor-version":[{"id":3432,"href":"https:\/\/zspbierdzany.pl\/index.php\/wp-json\/wp\/v2\/posts\/3422\/revisions\/3432"}],"wp:featuredmedia":[{"embeddable":true,"href":"https:\/\/zspbierdzany.pl\/index.php\/wp-json\/wp\/v2\/media\/3431"}],"wp:attachment":[{"href":"https:\/\/zspbierdzany.pl\/index.php\/wp-json\/wp\/v2\/media?parent=3422"}],"wp:term":[{"taxonomy":"category","embeddable":true,"href":"https:\/\/zspbierdzany.pl\/index.php\/wp-json\/wp\/v2\/categories?post=3422"},{"taxonomy":"post_tag","embeddable":true,"href":"https:\/\/zspbierdzany.pl\/index.php\/wp-json\/wp\/v2\/tags?post=3422"}],"curies":[{"name":"wp","href":"https:\/\/api.w.org\/{rel}","templated":true}]}}