{"id":3694,"date":"2023-11-10T11:28:24","date_gmt":"2023-11-10T11:28:24","guid":{"rendered":"https:\/\/zspbierdzany.pl\/?p=3694"},"modified":"2023-11-10T11:28:24","modified_gmt":"2023-11-10T11:28:24","slug":"pasowanie-na-przedszkolaka-2","status":"publish","type":"post","link":"https:\/\/zspbierdzany.pl\/index.php\/2023\/11\/10\/pasowanie-na-przedszkolaka-2\/","title":{"rendered":"Pasowanie na przedszkolaka"},"content":{"rendered":"<p>W \u015brod\u0119 8.11.2023 odby\u0142o si\u0119 w naszym przedszkolu ,, Pasowanie na Przedszkolaka i Starszaka&#8221;. Dzieci zaprezentowa\u0142y wiadomo\u015bci zdobyte w przedszkolu, \u015bpiewa\u0142y piosenki, recytowa\u0142y wierszyki. Nast\u0119pnie Pani Dyrektor pasowa\u0142a wszystkie dzieci. Na pami\u0105tk\u0119 tego wa\u017cnego dnia, ka\u017cde dziecko otrzyma\u0142o dyplom.<\/p>\n<div id='gallery-1' class='gallery galleryid-3694 gallery-columns-3 gallery-size-thumbnail'><figure class='gallery-item'>\n\t\t\t<div class='gallery-icon landscape'>\n\t\t\t\t<a href='https:\/\/zspbierdzany.pl\/index.php\/2023\/11\/10\/pasowanie-na-przedszkolaka-2\/pasowanie-na-przedszkolaka-1\/'><img loading=\"lazy\" decoding=\"async\" width=\"150\" height=\"150\" src=\"https:\/\/zspbierdzany.pl\/wp-content\/uploads\/2023\/11\/Pasowanie-na-przedszkolaka-1-150x150.jpeg\" class=\"attachment-thumbnail size-thumbnail\" alt=\"\" sizes=\"(max-width: 34.9rem) calc(100vw - 2rem), (max-width: 53rem) calc(8 * (100vw \/ 12)), (min-width: 53rem) calc(6 * (100vw \/ 12)), 100vw\" \/><\/a>\n\t\t\t<\/div><\/figure><figure class='gallery-item'>\n\t\t\t<div class='gallery-icon portrait'>\n\t\t\t\t<a href='https:\/\/zspbierdzany.pl\/index.php\/2023\/11\/10\/pasowanie-na-przedszkolaka-2\/pasowanie-na-przedszkolaka-2\/'><img loading=\"lazy\" decoding=\"async\" width=\"150\" height=\"150\" src=\"https:\/\/zspbierdzany.pl\/wp-content\/uploads\/2023\/11\/Pasowanie-na-przedszkolaka-2-150x150.jpeg\" class=\"attachment-thumbnail size-thumbnail\" alt=\"\" sizes=\"(max-width: 34.9rem) calc(100vw - 2rem), (max-width: 53rem) calc(8 * (100vw \/ 12)), (min-width: 53rem) calc(6 * (100vw \/ 12)), 100vw\" \/><\/a>\n\t\t\t<\/div><\/figure><figure class='gallery-item'>\n\t\t\t<div class='gallery-icon portrait'>\n\t\t\t\t<a href='https:\/\/zspbierdzany.pl\/index.php\/2023\/11\/10\/pasowanie-na-przedszkolaka-2\/pasowanie-na-przedszkolaka-3\/'><img loading=\"lazy\" decoding=\"async\" width=\"150\" height=\"150\" src=\"https:\/\/zspbierdzany.pl\/wp-content\/uploads\/2023\/11\/Pasowanie-na-przedszkolaka-3-150x150.jpeg\" class=\"attachment-thumbnail size-thumbnail\" alt=\"\" sizes=\"(max-width: 34.9rem) calc(100vw - 2rem), (max-width: 53rem) calc(8 * (100vw \/ 12)), (min-width: 53rem) calc(6 * (100vw \/ 12)), 100vw\" \/><\/a>\n\t\t\t<\/div><\/figure>\n\t\t<\/div>\n\n","protected":false},"excerpt":{"rendered":"<p>W \u015brod\u0119 8.11.2023 odby\u0142o si\u0119 w naszym przedszkolu ,, Pasowanie na Przedszkolaka i Starszaka&#8221;. Dzieci zaprezentowa\u0142y wiadomo\u015bci zdobyte w przedszkolu, \u015bpiewa\u0142y piosenki, recytowa\u0142y wierszyki. Nast\u0119pnie Pani Dyrektor pasowa\u0142a wszystkie dzieci. Na pami\u0105tk\u0119 tego wa\u017cnego dnia, ka\u017cde dziecko otrzyma\u0142o dyplom.<\/p>\n","protected":false},"author":2,"featured_media":3695,"comment_status":"open","ping_status":"open","sticky":false,"template":"","format":"standard","meta":{"footnotes":""},"categories":[1],"tags":[],"_links":{"self":[{"href":"https:\/\/zspbierdzany.pl\/index.php\/wp-json\/wp\/v2\/posts\/3694"}],"collection":[{"href":"https:\/\/zspbierdzany.pl\/index.php\/wp-json\/wp\/v2\/posts"}],"about":[{"href":"https:\/\/zspbierdzany.pl\/index.php\/wp-json\/wp\/v2\/types\/post"}],"author":[{"embeddable":true,"href":"https:\/\/zspbierdzany.pl\/index.php\/wp-json\/wp\/v2\/users\/2"}],"replies":[{"embeddable":true,"href":"https:\/\/zspbierdzany.pl\/index.php\/wp-json\/wp\/v2\/comments?post=3694"}],"version-history":[{"count":1,"href":"https:\/\/zspbierdzany.pl\/index.php\/wp-json\/wp\/v2\/posts\/3694\/revisions"}],"predecessor-version":[{"id":3698,"href":"https:\/\/zspbierdzany.pl\/index.php\/wp-json\/wp\/v2\/posts\/3694\/revisions\/3698"}],"wp:featuredmedia":[{"embeddable":true,"href":"https:\/\/zspbierdzany.pl\/index.php\/wp-json\/wp\/v2\/media\/3695"}],"wp:attachment":[{"href":"https:\/\/zspbierdzany.pl\/index.php\/wp-json\/wp\/v2\/media?parent=3694"}],"wp:term":[{"taxonomy":"category","embeddable":true,"href":"https:\/\/zspbierdzany.pl\/index.php\/wp-json\/wp\/v2\/categories?post=3694"},{"taxonomy":"post_tag","embeddable":true,"href":"https:\/\/zspbierdzany.pl\/index.php\/wp-json\/wp\/v2\/tags?post=3694"}],"curies":[{"name":"wp","href":"https:\/\/api.w.org\/{rel}","templated":true}]}}