{"id":3882,"date":"2023-12-03T15:44:36","date_gmt":"2023-12-03T15:44:36","guid":{"rendered":"https:\/\/zspbierdzany.pl\/?p=3882"},"modified":"2023-12-03T15:44:36","modified_gmt":"2023-12-03T15:44:36","slug":"dzien-bialych-skarpetek","status":"publish","type":"post","link":"https:\/\/zspbierdzany.pl\/index.php\/2023\/12\/03\/dzien-bialych-skarpetek\/","title":{"rendered":"Dzie\u0144 Bia\u0142ych Skarpetek"},"content":{"rendered":"<p><span style=\"font-family: Times New Roman, serif;\">Zwyczajne, bia\u0142e \u2013 a jednak maj\u0105 sw\u00f3j jeden dzie\u0144 w roku: bia\u0142e skarpetki! <\/span><span style=\"font-family: Times New Roman, serif;\">W\u0142a\u015bnie dzisiaj, 30 listopada, w Dniu Bia\u0142ych Skarpetek wskoczy\u0142y na nasze stopy i przysz\u0142y do szko\u0142y, a nawet wzi\u0119\u0142y udzia\u0142 w sesji fotograficznej! Przy okazji z umieszczonych na szkolnym korytarzu kr\u00f3tkich tekst\u00f3w o skarpetkach, uczniowie mogli dowiedzie\u0107 si\u0119 kto i kiedy wymy\u015bli\u0142 skarpety, jak wygl\u0105da\u0142y pierwsze skarpety i jakie mia\u0142y funkcje, jak zmienia\u0142 si\u0119 wygl\u0105d skarpet oraz z czego si\u0119 je wytwarza, jak dzisiaj s\u0142u\u017c\u0105 i jakie s\u0105 ich rodzaje.<\/span><\/p>\n<div id='gallery-1' class='gallery galleryid-3882 gallery-columns-3 gallery-size-thumbnail'><figure class='gallery-item'>\n\t\t\t<div class='gallery-icon portrait'>\n\t\t\t\t<a href='https:\/\/zspbierdzany.pl\/index.php\/2023\/12\/03\/dzien-bialych-skarpetek\/img_20231130_082317\/'><img loading=\"lazy\" decoding=\"async\" width=\"150\" height=\"150\" src=\"https:\/\/zspbierdzany.pl\/wp-content\/uploads\/2023\/12\/IMG_20231130_082317-150x150.jpg\" class=\"attachment-thumbnail size-thumbnail\" alt=\"\" sizes=\"(max-width: 34.9rem) calc(100vw - 2rem), (max-width: 53rem) calc(8 * (100vw \/ 12)), (min-width: 53rem) calc(6 * (100vw \/ 12)), 100vw\" \/><\/a>\n\t\t\t<\/div><\/figure><figure class='gallery-item'>\n\t\t\t<div class='gallery-icon portrait'>\n\t\t\t\t<a href='https:\/\/zspbierdzany.pl\/index.php\/2023\/12\/03\/dzien-bialych-skarpetek\/img_20231130_091548\/'><img loading=\"lazy\" decoding=\"async\" width=\"150\" height=\"150\" src=\"https:\/\/zspbierdzany.pl\/wp-content\/uploads\/2023\/12\/IMG_20231130_091548-150x150.jpg\" class=\"attachment-thumbnail size-thumbnail\" alt=\"\" sizes=\"(max-width: 34.9rem) calc(100vw - 2rem), (max-width: 53rem) calc(8 * (100vw \/ 12)), (min-width: 53rem) calc(6 * (100vw \/ 12)), 100vw\" \/><\/a>\n\t\t\t<\/div><\/figure><figure class='gallery-item'>\n\t\t\t<div class='gallery-icon portrait'>\n\t\t\t\t<a href='https:\/\/zspbierdzany.pl\/index.php\/2023\/12\/03\/dzien-bialych-skarpetek\/img_20231130_100058\/'><img loading=\"lazy\" decoding=\"async\" width=\"150\" height=\"150\" src=\"https:\/\/zspbierdzany.pl\/wp-content\/uploads\/2023\/12\/IMG_20231130_100058-150x150.jpg\" class=\"attachment-thumbnail size-thumbnail\" alt=\"\" sizes=\"(max-width: 34.9rem) calc(100vw - 2rem), (max-width: 53rem) calc(8 * (100vw \/ 12)), (min-width: 53rem) calc(6 * (100vw \/ 12)), 100vw\" \/><\/a>\n\t\t\t<\/div><\/figure><figure class='gallery-item'>\n\t\t\t<div class='gallery-icon portrait'>\n\t\t\t\t<a href='https:\/\/zspbierdzany.pl\/index.php\/2023\/12\/03\/dzien-bialych-skarpetek\/img_20231130_110747\/'><img loading=\"lazy\" decoding=\"async\" width=\"150\" height=\"150\" src=\"https:\/\/zspbierdzany.pl\/wp-content\/uploads\/2023\/12\/IMG_20231130_110747-150x150.jpg\" class=\"attachment-thumbnail size-thumbnail\" alt=\"\" sizes=\"(max-width: 34.9rem) calc(100vw - 2rem), (max-width: 53rem) calc(8 * (100vw \/ 12)), (min-width: 53rem) calc(6 * (100vw \/ 12)), 100vw\" \/><\/a>\n\t\t\t<\/div><\/figure>\n\t\t<\/div>\n\n","protected":false},"excerpt":{"rendered":"<p>Zwyczajne, bia\u0142e \u2013 a jednak maj\u0105 sw\u00f3j jeden dzie\u0144 w roku: bia\u0142e skarpetki! W\u0142a\u015bnie dzisiaj, 30 listopada, w Dniu Bia\u0142ych Skarpetek wskoczy\u0142y na nasze stopy i przysz\u0142y do szko\u0142y, a nawet wzi\u0119\u0142y udzia\u0142 w sesji fotograficznej! Przy okazji z umieszczonych na szkolnym korytarzu kr\u00f3tkich tekst\u00f3w o skarpetkach, uczniowie mogli dowiedzie\u0107 si\u0119 kto i kiedy wymy\u015bli\u0142 &hellip; <\/p>\n<p class=\"link-more\"><a href=\"https:\/\/zspbierdzany.pl\/index.php\/2023\/12\/03\/dzien-bialych-skarpetek\/\" class=\"more-link\">Czytaj dalej<span class=\"screen-reader-text\"> Dzie\u0144 Bia\u0142ych Skarpetek<\/span><\/a><\/p>\n","protected":false},"author":2,"featured_media":3883,"comment_status":"open","ping_status":"open","sticky":false,"template":"","format":"standard","meta":{"footnotes":""},"categories":[1],"tags":[],"_links":{"self":[{"href":"https:\/\/zspbierdzany.pl\/index.php\/wp-json\/wp\/v2\/posts\/3882"}],"collection":[{"href":"https:\/\/zspbierdzany.pl\/index.php\/wp-json\/wp\/v2\/posts"}],"about":[{"href":"https:\/\/zspbierdzany.pl\/index.php\/wp-json\/wp\/v2\/types\/post"}],"author":[{"embeddable":true,"href":"https:\/\/zspbierdzany.pl\/index.php\/wp-json\/wp\/v2\/users\/2"}],"replies":[{"embeddable":true,"href":"https:\/\/zspbierdzany.pl\/index.php\/wp-json\/wp\/v2\/comments?post=3882"}],"version-history":[{"count":2,"href":"https:\/\/zspbierdzany.pl\/index.php\/wp-json\/wp\/v2\/posts\/3882\/revisions"}],"predecessor-version":[{"id":3888,"href":"https:\/\/zspbierdzany.pl\/index.php\/wp-json\/wp\/v2\/posts\/3882\/revisions\/3888"}],"wp:featuredmedia":[{"embeddable":true,"href":"https:\/\/zspbierdzany.pl\/index.php\/wp-json\/wp\/v2\/media\/3883"}],"wp:attachment":[{"href":"https:\/\/zspbierdzany.pl\/index.php\/wp-json\/wp\/v2\/media?parent=3882"}],"wp:term":[{"taxonomy":"category","embeddable":true,"href":"https:\/\/zspbierdzany.pl\/index.php\/wp-json\/wp\/v2\/categories?post=3882"},{"taxonomy":"post_tag","embeddable":true,"href":"https:\/\/zspbierdzany.pl\/index.php\/wp-json\/wp\/v2\/tags?post=3882"}],"curies":[{"name":"wp","href":"https:\/\/api.w.org\/{rel}","templated":true}]}}