{"id":4174,"date":"2024-03-21T12:40:37","date_gmt":"2024-03-21T12:40:37","guid":{"rendered":"https:\/\/zspbierdzany.pl\/?p=4174"},"modified":"2024-03-21T12:40:37","modified_gmt":"2024-03-21T12:40:37","slug":"pierwszy-dzien-wiosny","status":"publish","type":"post","link":"https:\/\/zspbierdzany.pl\/index.php\/2024\/03\/21\/pierwszy-dzien-wiosny\/","title":{"rendered":"Pierwszy Dzie\u0144 Wiosny"},"content":{"rendered":"<p>21 marca dzieci z naszego przedszkola uroczy\u015bcie przywita\u0142y Pierwszy Dzie\u0144 Wiosny. Radosnym \u015bpiewom i zabawom nie by\u0142o ko\u0144ca, ale wszyscy czekali z niecierpliwo\u015bci\u0105 na najwa\u017cniejszy moment dnia- wyj\u015bcie na spacer, podczas kt\u00f3rego mogli\u015bmy po\u017cegna\u0107 zim\u0119 i powita\u0107 wiosn\u0119. Przedszkolaki rado\u015bnie maszerowa\u0142y w wiosennym korowodzie z kwiatami i\u00a0 instrumentami na czele kt\u00f3rego widnia\u0142a Marzanna, kt\u00f3r\u0105 nast\u0119pnie po\u017cegnali\u015bmy wed\u0142ug tradycji . W barwnym pochodzie z zielonym gaikiem wr\u00f3cili\u015bmy do przedszkola.<\/p>\n<div id='gallery-1' class='gallery galleryid-4174 gallery-columns-3 gallery-size-thumbnail'><figure class='gallery-item'>\n\t\t\t<div class='gallery-icon portrait'>\n\t\t\t\t<a href='https:\/\/zspbierdzany.pl\/index.php\/2024\/03\/21\/pierwszy-dzien-wiosny\/img20240321113320\/'><img loading=\"lazy\" decoding=\"async\" width=\"150\" height=\"150\" src=\"https:\/\/zspbierdzany.pl\/wp-content\/uploads\/2024\/03\/IMG20240321113320-150x150.jpg\" class=\"attachment-thumbnail size-thumbnail\" alt=\"\" sizes=\"(max-width: 34.9rem) calc(100vw - 2rem), (max-width: 53rem) calc(8 * (100vw \/ 12)), (min-width: 53rem) calc(6 * (100vw \/ 12)), 100vw\" \/><\/a>\n\t\t\t<\/div><\/figure><figure class='gallery-item'>\n\t\t\t<div class='gallery-icon landscape'>\n\t\t\t\t<a href='https:\/\/zspbierdzany.pl\/index.php\/2024\/03\/21\/pierwszy-dzien-wiosny\/img20240321110024\/'><img loading=\"lazy\" decoding=\"async\" width=\"150\" height=\"150\" src=\"https:\/\/zspbierdzany.pl\/wp-content\/uploads\/2024\/03\/IMG20240321110024-150x150.jpg\" class=\"attachment-thumbnail size-thumbnail\" alt=\"\" sizes=\"(max-width: 34.9rem) calc(100vw - 2rem), (max-width: 53rem) calc(8 * (100vw \/ 12)), (min-width: 53rem) calc(6 * (100vw \/ 12)), 100vw\" \/><\/a>\n\t\t\t<\/div><\/figure><figure class='gallery-item'>\n\t\t\t<div class='gallery-icon landscape'>\n\t\t\t\t<a href='https:\/\/zspbierdzany.pl\/index.php\/2024\/03\/21\/pierwszy-dzien-wiosny\/img20240321113334\/'><img loading=\"lazy\" decoding=\"async\" width=\"150\" height=\"150\" src=\"https:\/\/zspbierdzany.pl\/wp-content\/uploads\/2024\/03\/IMG20240321113334-150x150.jpg\" class=\"attachment-thumbnail size-thumbnail\" alt=\"\" sizes=\"(max-width: 34.9rem) calc(100vw - 2rem), (max-width: 53rem) calc(8 * (100vw \/ 12)), (min-width: 53rem) calc(6 * (100vw \/ 12)), 100vw\" \/><\/a>\n\t\t\t<\/div><\/figure><figure class='gallery-item'>\n\t\t\t<div class='gallery-icon portrait'>\n\t\t\t\t<a href='https:\/\/zspbierdzany.pl\/index.php\/2024\/03\/21\/pierwszy-dzien-wiosny\/img20240321113400\/'><img loading=\"lazy\" decoding=\"async\" width=\"150\" height=\"150\" src=\"https:\/\/zspbierdzany.pl\/wp-content\/uploads\/2024\/03\/IMG20240321113400-150x150.jpg\" class=\"attachment-thumbnail size-thumbnail\" alt=\"\" sizes=\"(max-width: 34.9rem) calc(100vw - 2rem), (max-width: 53rem) calc(8 * (100vw \/ 12)), (min-width: 53rem) calc(6 * (100vw \/ 12)), 100vw\" \/><\/a>\n\t\t\t<\/div><\/figure>\n\t\t<\/div>\n\n<p>&nbsp;<\/p>\n","protected":false},"excerpt":{"rendered":"<p>21 marca dzieci z naszego przedszkola uroczy\u015bcie przywita\u0142y Pierwszy Dzie\u0144 Wiosny. Radosnym \u015bpiewom i zabawom nie by\u0142o ko\u0144ca, ale wszyscy czekali z niecierpliwo\u015bci\u0105 na najwa\u017cniejszy moment dnia- wyj\u015bcie na spacer, podczas kt\u00f3rego mogli\u015bmy po\u017cegna\u0107 zim\u0119 i powita\u0107 wiosn\u0119. Przedszkolaki rado\u015bnie maszerowa\u0142y w wiosennym korowodzie z kwiatami i\u00a0 instrumentami na czele kt\u00f3rego widnia\u0142a Marzanna, kt\u00f3r\u0105 nast\u0119pnie &hellip; <\/p>\n<p class=\"link-more\"><a href=\"https:\/\/zspbierdzany.pl\/index.php\/2024\/03\/21\/pierwszy-dzien-wiosny\/\" class=\"more-link\">Czytaj dalej<span class=\"screen-reader-text\"> Pierwszy Dzie\u0144 Wiosny<\/span><\/a><\/p>\n","protected":false},"author":2,"featured_media":4176,"comment_status":"open","ping_status":"open","sticky":false,"template":"","format":"standard","meta":{"footnotes":""},"categories":[1],"tags":[],"_links":{"self":[{"href":"https:\/\/zspbierdzany.pl\/index.php\/wp-json\/wp\/v2\/posts\/4174"}],"collection":[{"href":"https:\/\/zspbierdzany.pl\/index.php\/wp-json\/wp\/v2\/posts"}],"about":[{"href":"https:\/\/zspbierdzany.pl\/index.php\/wp-json\/wp\/v2\/types\/post"}],"author":[{"embeddable":true,"href":"https:\/\/zspbierdzany.pl\/index.php\/wp-json\/wp\/v2\/users\/2"}],"replies":[{"embeddable":true,"href":"https:\/\/zspbierdzany.pl\/index.php\/wp-json\/wp\/v2\/comments?post=4174"}],"version-history":[{"count":1,"href":"https:\/\/zspbierdzany.pl\/index.php\/wp-json\/wp\/v2\/posts\/4174\/revisions"}],"predecessor-version":[{"id":4179,"href":"https:\/\/zspbierdzany.pl\/index.php\/wp-json\/wp\/v2\/posts\/4174\/revisions\/4179"}],"wp:featuredmedia":[{"embeddable":true,"href":"https:\/\/zspbierdzany.pl\/index.php\/wp-json\/wp\/v2\/media\/4176"}],"wp:attachment":[{"href":"https:\/\/zspbierdzany.pl\/index.php\/wp-json\/wp\/v2\/media?parent=4174"}],"wp:term":[{"taxonomy":"category","embeddable":true,"href":"https:\/\/zspbierdzany.pl\/index.php\/wp-json\/wp\/v2\/categories?post=4174"},{"taxonomy":"post_tag","embeddable":true,"href":"https:\/\/zspbierdzany.pl\/index.php\/wp-json\/wp\/v2\/tags?post=4174"}],"curies":[{"name":"wp","href":"https:\/\/api.w.org\/{rel}","templated":true}]}}