{"id":4181,"date":"2024-03-28T09:14:11","date_gmt":"2024-03-28T09:14:11","guid":{"rendered":"https:\/\/zspbierdzany.pl\/?p=4181"},"modified":"2024-03-28T09:14:11","modified_gmt":"2024-03-28T09:14:11","slug":"wielkanocny-zajaczek-w-przedszkolu","status":"publish","type":"post","link":"https:\/\/zspbierdzany.pl\/index.php\/2024\/03\/28\/wielkanocny-zajaczek-w-przedszkolu\/","title":{"rendered":"Wielkanocny Zaj\u0105czek w Przedszkolu"},"content":{"rendered":"<p>27 marca nasze przedszkole odwiedzi\u0142 wielkanocny zaj\u0105czek, kt\u00f3ry zostawi\u0142 list i zach\u0119ci\u0142 dzieci do poszukiwania ukrytych przez niego w ogrodzie niespodzianek. Wszystkie przedszkolaki musia\u0142y wykona\u0107 zadania przygotowane przez zaj\u0105czka. Poszukiwania si\u0119 uda\u0142y a dzieci otrzyma\u0142y s\u0142odkie niespodzianki jak to w zwyczaju zaj\u0105czka. Serdecznie dzi\u0119kujemy p. Marii Jagusch ze sklepu Delikatesy Centrum za przekazane s\u0142odycze i niespodzianki dla dzieci.<\/p>\n<div id='gallery-1' class='gallery galleryid-4181 gallery-columns-3 gallery-size-thumbnail'><figure class='gallery-item'>\n\t\t\t<div class='gallery-icon portrait'>\n\t\t\t\t<a href='https:\/\/zspbierdzany.pl\/index.php\/2024\/03\/28\/wielkanocny-zajaczek-w-przedszkolu\/img20240327105223\/'><img loading=\"lazy\" decoding=\"async\" width=\"150\" height=\"150\" src=\"https:\/\/zspbierdzany.pl\/wp-content\/uploads\/2024\/03\/IMG20240327105223-150x150.jpg\" class=\"attachment-thumbnail size-thumbnail\" alt=\"\" sizes=\"(max-width: 34.9rem) calc(100vw - 2rem), (max-width: 53rem) calc(8 * (100vw \/ 12)), (min-width: 53rem) calc(6 * (100vw \/ 12)), 100vw\" \/><\/a>\n\t\t\t<\/div><\/figure><figure class='gallery-item'>\n\t\t\t<div class='gallery-icon portrait'>\n\t\t\t\t<a href='https:\/\/zspbierdzany.pl\/index.php\/2024\/03\/28\/wielkanocny-zajaczek-w-przedszkolu\/img20240327105832\/'><img loading=\"lazy\" decoding=\"async\" width=\"150\" height=\"150\" src=\"https:\/\/zspbierdzany.pl\/wp-content\/uploads\/2024\/03\/IMG20240327105832-150x150.jpg\" class=\"attachment-thumbnail size-thumbnail\" alt=\"\" sizes=\"(max-width: 34.9rem) calc(100vw - 2rem), (max-width: 53rem) calc(8 * (100vw \/ 12)), (min-width: 53rem) calc(6 * (100vw \/ 12)), 100vw\" \/><\/a>\n\t\t\t<\/div><\/figure><figure class='gallery-item'>\n\t\t\t<div class='gallery-icon portrait'>\n\t\t\t\t<a href='https:\/\/zspbierdzany.pl\/index.php\/2024\/03\/28\/wielkanocny-zajaczek-w-przedszkolu\/img20240327104755\/'><img loading=\"lazy\" decoding=\"async\" width=\"150\" height=\"150\" src=\"https:\/\/zspbierdzany.pl\/wp-content\/uploads\/2024\/03\/IMG20240327104755-150x150.jpg\" class=\"attachment-thumbnail size-thumbnail\" alt=\"\" sizes=\"(max-width: 34.9rem) calc(100vw - 2rem), (max-width: 53rem) calc(8 * (100vw \/ 12)), (min-width: 53rem) calc(6 * (100vw \/ 12)), 100vw\" \/><\/a>\n\t\t\t<\/div><\/figure><figure class='gallery-item'>\n\t\t\t<div class='gallery-icon portrait'>\n\t\t\t\t<a href='https:\/\/zspbierdzany.pl\/index.php\/2024\/03\/28\/wielkanocny-zajaczek-w-przedszkolu\/img20240327104724\/'><img loading=\"lazy\" decoding=\"async\" width=\"150\" height=\"150\" src=\"https:\/\/zspbierdzany.pl\/wp-content\/uploads\/2024\/03\/IMG20240327104724-150x150.jpg\" class=\"attachment-thumbnail size-thumbnail\" alt=\"\" sizes=\"(max-width: 34.9rem) calc(100vw - 2rem), (max-width: 53rem) calc(8 * (100vw \/ 12)), (min-width: 53rem) calc(6 * (100vw \/ 12)), 100vw\" \/><\/a>\n\t\t\t<\/div><\/figure>\n\t\t<\/div>\n\n<p>&nbsp;<\/p>\n","protected":false},"excerpt":{"rendered":"<p>27 marca nasze przedszkole odwiedzi\u0142 wielkanocny zaj\u0105czek, kt\u00f3ry zostawi\u0142 list i zach\u0119ci\u0142 dzieci do poszukiwania ukrytych przez niego w ogrodzie niespodzianek. Wszystkie przedszkolaki musia\u0142y wykona\u0107 zadania przygotowane przez zaj\u0105czka. Poszukiwania si\u0119 uda\u0142y a dzieci otrzyma\u0142y s\u0142odkie niespodzianki jak to w zwyczaju zaj\u0105czka. Serdecznie dzi\u0119kujemy p. Marii Jagusch ze sklepu Delikatesy Centrum za przekazane s\u0142odycze i &hellip; <\/p>\n<p class=\"link-more\"><a href=\"https:\/\/zspbierdzany.pl\/index.php\/2024\/03\/28\/wielkanocny-zajaczek-w-przedszkolu\/\" class=\"more-link\">Czytaj dalej<span class=\"screen-reader-text\"> Wielkanocny Zaj\u0105czek w Przedszkolu<\/span><\/a><\/p>\n","protected":false},"author":2,"featured_media":4185,"comment_status":"open","ping_status":"open","sticky":false,"template":"","format":"standard","meta":{"footnotes":""},"categories":[1],"tags":[],"_links":{"self":[{"href":"https:\/\/zspbierdzany.pl\/index.php\/wp-json\/wp\/v2\/posts\/4181"}],"collection":[{"href":"https:\/\/zspbierdzany.pl\/index.php\/wp-json\/wp\/v2\/posts"}],"about":[{"href":"https:\/\/zspbierdzany.pl\/index.php\/wp-json\/wp\/v2\/types\/post"}],"author":[{"embeddable":true,"href":"https:\/\/zspbierdzany.pl\/index.php\/wp-json\/wp\/v2\/users\/2"}],"replies":[{"embeddable":true,"href":"https:\/\/zspbierdzany.pl\/index.php\/wp-json\/wp\/v2\/comments?post=4181"}],"version-history":[{"count":1,"href":"https:\/\/zspbierdzany.pl\/index.php\/wp-json\/wp\/v2\/posts\/4181\/revisions"}],"predecessor-version":[{"id":4186,"href":"https:\/\/zspbierdzany.pl\/index.php\/wp-json\/wp\/v2\/posts\/4181\/revisions\/4186"}],"wp:featuredmedia":[{"embeddable":true,"href":"https:\/\/zspbierdzany.pl\/index.php\/wp-json\/wp\/v2\/media\/4185"}],"wp:attachment":[{"href":"https:\/\/zspbierdzany.pl\/index.php\/wp-json\/wp\/v2\/media?parent=4181"}],"wp:term":[{"taxonomy":"category","embeddable":true,"href":"https:\/\/zspbierdzany.pl\/index.php\/wp-json\/wp\/v2\/categories?post=4181"},{"taxonomy":"post_tag","embeddable":true,"href":"https:\/\/zspbierdzany.pl\/index.php\/wp-json\/wp\/v2\/tags?post=4181"}],"curies":[{"name":"wp","href":"https:\/\/api.w.org\/{rel}","templated":true}]}}