{"id":4217,"date":"2024-04-24T08:26:56","date_gmt":"2024-04-24T08:26:56","guid":{"rendered":"https:\/\/zspbierdzany.pl\/?p=4217"},"modified":"2024-04-24T08:26:56","modified_gmt":"2024-04-24T08:26:56","slug":"swiatowy-dzien-ziemi-i-sprzatanie-swiata","status":"publish","type":"post","link":"https:\/\/zspbierdzany.pl\/index.php\/2024\/04\/24\/swiatowy-dzien-ziemi-i-sprzatanie-swiata\/","title":{"rendered":"\u015awiatowy Dzie\u0144 Ziemi i Sprz\u0105tanie \u015awiata"},"content":{"rendered":"<p>23 kwietnia nasze przedszkole w zwi\u0105zku z \u015awiatowym Dniem Ziemi uczestniczy\u0142o w sprz\u0105taniu \u015bwiata. Dzieci podczas zaj\u0119\u0107 dowiedzia\u0142y si\u0119, jak dba\u0107 o \u015brodowisko i otaczaj\u0105c\u0105 nas przyrod\u0119. Ziemia jest naszym wsp\u00f3lnym domem, dlatego ka\u017cdy z nas ju\u017c od najm\u0142odszych lat powinien wiedzie\u0107 jak wa\u017cne jest dbanie o nasz\u0105 planet\u0119.<\/p>\n<div id='gallery-1' class='gallery galleryid-4217 gallery-columns-3 gallery-size-thumbnail'><figure class='gallery-item'>\n\t\t\t<div class='gallery-icon portrait'>\n\t\t\t\t<a href='https:\/\/zspbierdzany.pl\/index.php\/2024\/04\/24\/swiatowy-dzien-ziemi-i-sprzatanie-swiata\/img-20240423-wa0000\/'><img loading=\"lazy\" decoding=\"async\" width=\"150\" height=\"150\" src=\"https:\/\/zspbierdzany.pl\/wp-content\/uploads\/2024\/04\/IMG-20240423-WA0000-150x150.jpg\" class=\"attachment-thumbnail size-thumbnail\" alt=\"\" sizes=\"(max-width: 34.9rem) calc(100vw - 2rem), (max-width: 53rem) calc(8 * (100vw \/ 12)), (min-width: 53rem) calc(6 * (100vw \/ 12)), 100vw\" \/><\/a>\n\t\t\t<\/div><\/figure><figure class='gallery-item'>\n\t\t\t<div class='gallery-icon portrait'>\n\t\t\t\t<a href='https:\/\/zspbierdzany.pl\/index.php\/2024\/04\/24\/swiatowy-dzien-ziemi-i-sprzatanie-swiata\/img-20240423-wa0001\/'><img loading=\"lazy\" decoding=\"async\" width=\"150\" height=\"150\" src=\"https:\/\/zspbierdzany.pl\/wp-content\/uploads\/2024\/04\/IMG-20240423-WA0001-150x150.jpg\" class=\"attachment-thumbnail size-thumbnail\" alt=\"\" sizes=\"(max-width: 34.9rem) calc(100vw - 2rem), (max-width: 53rem) calc(8 * (100vw \/ 12)), (min-width: 53rem) calc(6 * (100vw \/ 12)), 100vw\" \/><\/a>\n\t\t\t<\/div><\/figure><figure class='gallery-item'>\n\t\t\t<div class='gallery-icon portrait'>\n\t\t\t\t<a href='https:\/\/zspbierdzany.pl\/index.php\/2024\/04\/24\/swiatowy-dzien-ziemi-i-sprzatanie-swiata\/img-20240423-wa0002\/'><img loading=\"lazy\" decoding=\"async\" width=\"150\" height=\"150\" src=\"https:\/\/zspbierdzany.pl\/wp-content\/uploads\/2024\/04\/IMG-20240423-WA0002-150x150.jpg\" class=\"attachment-thumbnail size-thumbnail\" alt=\"\" sizes=\"(max-width: 34.9rem) calc(100vw - 2rem), (max-width: 53rem) calc(8 * (100vw \/ 12)), (min-width: 53rem) calc(6 * (100vw \/ 12)), 100vw\" \/><\/a>\n\t\t\t<\/div><\/figure><figure class='gallery-item'>\n\t\t\t<div class='gallery-icon portrait'>\n\t\t\t\t<a href='https:\/\/zspbierdzany.pl\/index.php\/2024\/04\/24\/swiatowy-dzien-ziemi-i-sprzatanie-swiata\/img-20240423-wa0004\/'><img loading=\"lazy\" decoding=\"async\" width=\"150\" height=\"150\" src=\"https:\/\/zspbierdzany.pl\/wp-content\/uploads\/2024\/04\/IMG-20240423-WA0004-150x150.jpg\" class=\"attachment-thumbnail size-thumbnail\" alt=\"\" sizes=\"(max-width: 34.9rem) calc(100vw - 2rem), (max-width: 53rem) calc(8 * (100vw \/ 12)), (min-width: 53rem) calc(6 * (100vw \/ 12)), 100vw\" \/><\/a>\n\t\t\t<\/div><\/figure>\n\t\t<\/div>\n\n<p><span class=\"BxUVEf ILfuVd\" lang=\"pl\"><span class=\"hgKElc\">\u00a0<\/span><\/span><\/p>\n","protected":false},"excerpt":{"rendered":"<p>23 kwietnia nasze przedszkole w zwi\u0105zku z \u015awiatowym Dniem Ziemi uczestniczy\u0142o w sprz\u0105taniu \u015bwiata. Dzieci podczas zaj\u0119\u0107 dowiedzia\u0142y si\u0119, jak dba\u0107 o \u015brodowisko i otaczaj\u0105c\u0105 nas przyrod\u0119. Ziemia jest naszym wsp\u00f3lnym domem, dlatego ka\u017cdy z nas ju\u017c od najm\u0142odszych lat powinien wiedzie\u0107 jak wa\u017cne jest dbanie o nasz\u0105 planet\u0119. \u00a0<\/p>\n","protected":false},"author":2,"featured_media":4219,"comment_status":"open","ping_status":"open","sticky":false,"template":"","format":"standard","meta":{"footnotes":""},"categories":[1],"tags":[],"_links":{"self":[{"href":"https:\/\/zspbierdzany.pl\/index.php\/wp-json\/wp\/v2\/posts\/4217"}],"collection":[{"href":"https:\/\/zspbierdzany.pl\/index.php\/wp-json\/wp\/v2\/posts"}],"about":[{"href":"https:\/\/zspbierdzany.pl\/index.php\/wp-json\/wp\/v2\/types\/post"}],"author":[{"embeddable":true,"href":"https:\/\/zspbierdzany.pl\/index.php\/wp-json\/wp\/v2\/users\/2"}],"replies":[{"embeddable":true,"href":"https:\/\/zspbierdzany.pl\/index.php\/wp-json\/wp\/v2\/comments?post=4217"}],"version-history":[{"count":1,"href":"https:\/\/zspbierdzany.pl\/index.php\/wp-json\/wp\/v2\/posts\/4217\/revisions"}],"predecessor-version":[{"id":4224,"href":"https:\/\/zspbierdzany.pl\/index.php\/wp-json\/wp\/v2\/posts\/4217\/revisions\/4224"}],"wp:featuredmedia":[{"embeddable":true,"href":"https:\/\/zspbierdzany.pl\/index.php\/wp-json\/wp\/v2\/media\/4219"}],"wp:attachment":[{"href":"https:\/\/zspbierdzany.pl\/index.php\/wp-json\/wp\/v2\/media?parent=4217"}],"wp:term":[{"taxonomy":"category","embeddable":true,"href":"https:\/\/zspbierdzany.pl\/index.php\/wp-json\/wp\/v2\/categories?post=4217"},{"taxonomy":"post_tag","embeddable":true,"href":"https:\/\/zspbierdzany.pl\/index.php\/wp-json\/wp\/v2\/tags?post=4217"}],"curies":[{"name":"wp","href":"https:\/\/api.w.org\/{rel}","templated":true}]}}