{"id":4307,"date":"2024-05-31T11:55:56","date_gmt":"2024-05-31T11:55:56","guid":{"rendered":"https:\/\/zspbierdzany.pl\/?p=4307"},"modified":"2024-05-31T11:57:01","modified_gmt":"2024-05-31T11:57:01","slug":"4307","status":"publish","type":"post","link":"https:\/\/zspbierdzany.pl\/index.php\/2024\/05\/31\/4307\/","title":{"rendered":"Dzie\u0144 Dziecka"},"content":{"rendered":"<p>29. maja obchodzili\u015bmy w naszym przedszkolu Dzie\u0144 Dziecka.Od rana panowa\u0142a radosna atmosfera, a na przedszkolak\u00f3w czeka\u0142o wiele atrakcji. Korzystaj\u0105c z pi\u0119knej pogody ju\u017c po \u015bniadaniu wyszli\u015bmy na dw\u00f3r gdzie czeka\u0142y na naszych przedszkolak\u00f3w zabawy, gry zespo\u0142owe, malowanie na fili, ogromne ba\u0144ki mydlane oraz s\u0142odki pocz\u0119stunek. Na po\u017cegnanie dzieci otrzyma\u0142y prezenty ufundowane przez Rad\u0119 Rodzic\u00f3w.<\/p>\n<blockquote>\n<p class=\"wzk-schema-quote-content\" style=\"padding-left: 40px;\"><em>&#8222;Wszyscy doro\u015bli byli kiedy\u015b dzie\u0107mi, ale niewielu z nich pami\u0119ta o tym.&#8221;<\/em><\/p>\n<p class=\"wzk-schema-quote-content\" style=\"padding-left: 40px;\">\u00a0\u00a0\u00a0\u00a0\u00a0\u00a0\u00a0\u00a0\u00a0\u00a0\u00a0\u00a0\u00a0\u00a0\u00a0\u00a0\u00a0\u00a0\u00a0\u00a0\u00a0\u00a0\u00a0\u00a0\u00a0\u00a0\u00a0\u00a0\u00a0\u00a0\u00a0\u00a0 Antoine De Saint-Exupery \u201eMa\u0142y Ksi\u0105\u017c\u0119\u201d<\/p>\n<div id='gallery-1' class='gallery galleryid-4307 gallery-columns-3 gallery-size-thumbnail'><figure class='gallery-item'>\n\t\t\t<div class='gallery-icon portrait'>\n\t\t\t\t<a href='https:\/\/zspbierdzany.pl\/index.php\/2024\/05\/31\/viii-olimpiada-przedszkolaka\/img-20240529-wa0018\/'><img loading=\"lazy\" decoding=\"async\" width=\"150\" height=\"150\" src=\"https:\/\/zspbierdzany.pl\/wp-content\/uploads\/2024\/05\/IMG-20240529-WA0018-150x150.jpg\" class=\"attachment-thumbnail size-thumbnail\" alt=\"\" sizes=\"(max-width: 34.9rem) calc(100vw - 2rem), (max-width: 53rem) calc(8 * (100vw \/ 12)), (min-width: 53rem) calc(6 * (100vw \/ 12)), 100vw\" \/><\/a>\n\t\t\t<\/div><\/figure><figure class='gallery-item'>\n\t\t\t<div class='gallery-icon portrait'>\n\t\t\t\t<a href='https:\/\/zspbierdzany.pl\/index.php\/2024\/05\/31\/viii-olimpiada-przedszkolaka\/img-20240529-wa0011\/'><img loading=\"lazy\" decoding=\"async\" width=\"150\" height=\"150\" src=\"https:\/\/zspbierdzany.pl\/wp-content\/uploads\/2024\/05\/IMG-20240529-WA0011-150x150.jpg\" class=\"attachment-thumbnail size-thumbnail\" alt=\"\" sizes=\"(max-width: 34.9rem) calc(100vw - 2rem), (max-width: 53rem) calc(8 * (100vw \/ 12)), (min-width: 53rem) calc(6 * (100vw \/ 12)), 100vw\" \/><\/a>\n\t\t\t<\/div><\/figure><figure class='gallery-item'>\n\t\t\t<div class='gallery-icon portrait'>\n\t\t\t\t<a href='https:\/\/zspbierdzany.pl\/index.php\/2024\/05\/31\/viii-olimpiada-przedszkolaka\/img-20240529-wa0004\/'><img loading=\"lazy\" decoding=\"async\" width=\"150\" height=\"150\" src=\"https:\/\/zspbierdzany.pl\/wp-content\/uploads\/2024\/05\/IMG-20240529-WA0004-150x150.jpg\" class=\"attachment-thumbnail size-thumbnail\" alt=\"\" sizes=\"(max-width: 34.9rem) calc(100vw - 2rem), (max-width: 53rem) calc(8 * (100vw \/ 12)), (min-width: 53rem) calc(6 * (100vw \/ 12)), 100vw\" \/><\/a>\n\t\t\t<\/div><\/figure><figure class='gallery-item'>\n\t\t\t<div class='gallery-icon portrait'>\n\t\t\t\t<a href='https:\/\/zspbierdzany.pl\/index.php\/2024\/05\/31\/viii-olimpiada-przedszkolaka\/img-20240529-wa0032\/'><img loading=\"lazy\" decoding=\"async\" width=\"150\" height=\"150\" src=\"https:\/\/zspbierdzany.pl\/wp-content\/uploads\/2024\/05\/IMG-20240529-WA0032-150x150.jpg\" class=\"attachment-thumbnail size-thumbnail\" alt=\"\" sizes=\"(max-width: 34.9rem) calc(100vw - 2rem), (max-width: 53rem) calc(8 * (100vw \/ 12)), (min-width: 53rem) calc(6 * (100vw \/ 12)), 100vw\" \/><\/a>\n\t\t\t<\/div><\/figure>\n\t\t<\/div>\n\n<p>&nbsp;<\/p>\n<p style=\"padding-left: 40px;\">\n<\/blockquote>\n","protected":false},"excerpt":{"rendered":"<p>29. maja obchodzili\u015bmy w naszym przedszkolu Dzie\u0144 Dziecka.Od rana panowa\u0142a radosna atmosfera, a na przedszkolak\u00f3w czeka\u0142o wiele atrakcji. Korzystaj\u0105c z pi\u0119knej pogody ju\u017c po \u015bniadaniu wyszli\u015bmy na dw\u00f3r gdzie czeka\u0142y na naszych przedszkolak\u00f3w zabawy, gry zespo\u0142owe, malowanie na fili, ogromne ba\u0144ki mydlane oraz s\u0142odki pocz\u0119stunek. Na po\u017cegnanie dzieci otrzyma\u0142y prezenty ufundowane przez Rad\u0119 Rodzic\u00f3w. &#8222;Wszyscy &hellip; <\/p>\n<p class=\"link-more\"><a href=\"https:\/\/zspbierdzany.pl\/index.php\/2024\/05\/31\/4307\/\" class=\"more-link\">Czytaj dalej<span class=\"screen-reader-text\"> Dzie\u0144 Dziecka<\/span><\/a><\/p>\n","protected":false},"author":2,"featured_media":4304,"comment_status":"open","ping_status":"open","sticky":false,"template":"","format":"standard","meta":{"footnotes":""},"categories":[1],"tags":[],"_links":{"self":[{"href":"https:\/\/zspbierdzany.pl\/index.php\/wp-json\/wp\/v2\/posts\/4307"}],"collection":[{"href":"https:\/\/zspbierdzany.pl\/index.php\/wp-json\/wp\/v2\/posts"}],"about":[{"href":"https:\/\/zspbierdzany.pl\/index.php\/wp-json\/wp\/v2\/types\/post"}],"author":[{"embeddable":true,"href":"https:\/\/zspbierdzany.pl\/index.php\/wp-json\/wp\/v2\/users\/2"}],"replies":[{"embeddable":true,"href":"https:\/\/zspbierdzany.pl\/index.php\/wp-json\/wp\/v2\/comments?post=4307"}],"version-history":[{"count":2,"href":"https:\/\/zspbierdzany.pl\/index.php\/wp-json\/wp\/v2\/posts\/4307\/revisions"}],"predecessor-version":[{"id":4309,"href":"https:\/\/zspbierdzany.pl\/index.php\/wp-json\/wp\/v2\/posts\/4307\/revisions\/4309"}],"wp:featuredmedia":[{"embeddable":true,"href":"https:\/\/zspbierdzany.pl\/index.php\/wp-json\/wp\/v2\/media\/4304"}],"wp:attachment":[{"href":"https:\/\/zspbierdzany.pl\/index.php\/wp-json\/wp\/v2\/media?parent=4307"}],"wp:term":[{"taxonomy":"category","embeddable":true,"href":"https:\/\/zspbierdzany.pl\/index.php\/wp-json\/wp\/v2\/categories?post=4307"},{"taxonomy":"post_tag","embeddable":true,"href":"https:\/\/zspbierdzany.pl\/index.php\/wp-json\/wp\/v2\/tags?post=4307"}],"curies":[{"name":"wp","href":"https:\/\/api.w.org\/{rel}","templated":true}]}}