{"id":4458,"date":"2024-09-24T08:55:43","date_gmt":"2024-09-24T08:55:43","guid":{"rendered":"https:\/\/zspbierdzany.pl\/?p=4458"},"modified":"2024-09-24T08:55:43","modified_gmt":"2024-09-24T08:55:43","slug":"ogolnopolski-dzien-przedszkolaka","status":"publish","type":"post","link":"https:\/\/zspbierdzany.pl\/index.php\/2024\/09\/24\/ogolnopolski-dzien-przedszkolaka\/","title":{"rendered":"Og\u00f3lnopolski Dzie\u0144 Przedszkolaka"},"content":{"rendered":"<p>Dnia 20 wrze\u015bnia w naszym Przedszkolu obchodzili\u015bmy &#8211; Og\u00f3lnopolski Dzie\u0144 Przedszkolaka. By\u0142a to super okazja do \u015bwi\u0119towania. Dzieci uczestniczy\u0142y w zabawach ruchowych organizowanych w sali oraz na \u015bwie\u017cym powietrzu. By\u0142 to wspania\u0142y dzie\u0144 radosnej zabawy, pe\u0142en s\u0142o\u0144ca i u\u015bmiech\u00f3w wszystkich dzieci. \u017byczymy wszystkim kochanym przedszkolakom u\u015bmiech\u00f3w na ka\u017cdy dzie\u0144 oraz radosnego i tw\u00f3rczego pobytu w przedszkolu.<\/p>\n<div id='gallery-1' class='gallery galleryid-4458 gallery-columns-3 gallery-size-thumbnail'><figure class='gallery-item'>\n\t\t\t<div class='gallery-icon portrait'>\n\t\t\t\t<a href='https:\/\/zspbierdzany.pl\/index.php\/2024\/09\/24\/ogolnopolski-dzien-przedszkolaka\/img-20240924-wa0002-2\/'><img loading=\"lazy\" decoding=\"async\" width=\"150\" height=\"150\" src=\"https:\/\/zspbierdzany.pl\/wp-content\/uploads\/2024\/09\/IMG-20240924-WA0002-1-150x150.jpg\" class=\"attachment-thumbnail size-thumbnail\" alt=\"\" sizes=\"(max-width: 34.9rem) calc(100vw - 2rem), (max-width: 53rem) calc(8 * (100vw \/ 12)), (min-width: 53rem) calc(6 * (100vw \/ 12)), 100vw\" \/><\/a>\n\t\t\t<\/div><\/figure><figure class='gallery-item'>\n\t\t\t<div class='gallery-icon portrait'>\n\t\t\t\t<a href='https:\/\/zspbierdzany.pl\/index.php\/2024\/09\/24\/ogolnopolski-dzien-przedszkolaka\/img-20240924-wa0003-2\/'><img loading=\"lazy\" decoding=\"async\" width=\"150\" height=\"150\" src=\"https:\/\/zspbierdzany.pl\/wp-content\/uploads\/2024\/09\/IMG-20240924-WA0003-1-150x150.jpg\" class=\"attachment-thumbnail size-thumbnail\" alt=\"\" sizes=\"(max-width: 34.9rem) calc(100vw - 2rem), (max-width: 53rem) calc(8 * (100vw \/ 12)), (min-width: 53rem) calc(6 * (100vw \/ 12)), 100vw\" \/><\/a>\n\t\t\t<\/div><\/figure><figure class='gallery-item'>\n\t\t\t<div class='gallery-icon landscape'>\n\t\t\t\t<a href='https:\/\/zspbierdzany.pl\/index.php\/2024\/09\/24\/ogolnopolski-dzien-przedszkolaka\/img-20240924-wa0001-2\/'><img loading=\"lazy\" decoding=\"async\" width=\"150\" height=\"150\" src=\"https:\/\/zspbierdzany.pl\/wp-content\/uploads\/2024\/09\/IMG-20240924-WA0001-1-150x150.jpg\" class=\"attachment-thumbnail size-thumbnail\" alt=\"\" sizes=\"(max-width: 34.9rem) calc(100vw - 2rem), (max-width: 53rem) calc(8 * (100vw \/ 12)), (min-width: 53rem) calc(6 * (100vw \/ 12)), 100vw\" \/><\/a>\n\t\t\t<\/div><\/figure><figure class='gallery-item'>\n\t\t\t<div class='gallery-icon portrait'>\n\t\t\t\t<a href='https:\/\/zspbierdzany.pl\/index.php\/2024\/09\/24\/ogolnopolski-dzien-przedszkolaka\/img-20240924-wa0000-2\/'><img loading=\"lazy\" decoding=\"async\" width=\"150\" height=\"150\" src=\"https:\/\/zspbierdzany.pl\/wp-content\/uploads\/2024\/09\/IMG-20240924-WA0000-1-150x150.jpg\" class=\"attachment-thumbnail size-thumbnail\" alt=\"\" sizes=\"(max-width: 34.9rem) calc(100vw - 2rem), (max-width: 53rem) calc(8 * (100vw \/ 12)), (min-width: 53rem) calc(6 * (100vw \/ 12)), 100vw\" \/><\/a>\n\t\t\t<\/div><\/figure>\n\t\t<\/div>\n\n","protected":false},"excerpt":{"rendered":"<p>Dnia 20 wrze\u015bnia w naszym Przedszkolu obchodzili\u015bmy &#8211; Og\u00f3lnopolski Dzie\u0144 Przedszkolaka. By\u0142a to super okazja do \u015bwi\u0119towania. Dzieci uczestniczy\u0142y w zabawach ruchowych organizowanych w sali oraz na \u015bwie\u017cym powietrzu. By\u0142 to wspania\u0142y dzie\u0144 radosnej zabawy, pe\u0142en s\u0142o\u0144ca i u\u015bmiech\u00f3w wszystkich dzieci. \u017byczymy wszystkim kochanym przedszkolakom u\u015bmiech\u00f3w na ka\u017cdy dzie\u0144 oraz radosnego i tw\u00f3rczego pobytu w &hellip; <\/p>\n<p class=\"link-more\"><a href=\"https:\/\/zspbierdzany.pl\/index.php\/2024\/09\/24\/ogolnopolski-dzien-przedszkolaka\/\" class=\"more-link\">Czytaj dalej<span class=\"screen-reader-text\"> Og\u00f3lnopolski Dzie\u0144 Przedszkolaka<\/span><\/a><\/p>\n","protected":false},"author":2,"featured_media":4466,"comment_status":"open","ping_status":"open","sticky":false,"template":"","format":"standard","meta":{"footnotes":""},"categories":[1],"tags":[],"_links":{"self":[{"href":"https:\/\/zspbierdzany.pl\/index.php\/wp-json\/wp\/v2\/posts\/4458"}],"collection":[{"href":"https:\/\/zspbierdzany.pl\/index.php\/wp-json\/wp\/v2\/posts"}],"about":[{"href":"https:\/\/zspbierdzany.pl\/index.php\/wp-json\/wp\/v2\/types\/post"}],"author":[{"embeddable":true,"href":"https:\/\/zspbierdzany.pl\/index.php\/wp-json\/wp\/v2\/users\/2"}],"replies":[{"embeddable":true,"href":"https:\/\/zspbierdzany.pl\/index.php\/wp-json\/wp\/v2\/comments?post=4458"}],"version-history":[{"count":1,"href":"https:\/\/zspbierdzany.pl\/index.php\/wp-json\/wp\/v2\/posts\/4458\/revisions"}],"predecessor-version":[{"id":4467,"href":"https:\/\/zspbierdzany.pl\/index.php\/wp-json\/wp\/v2\/posts\/4458\/revisions\/4467"}],"wp:featuredmedia":[{"embeddable":true,"href":"https:\/\/zspbierdzany.pl\/index.php\/wp-json\/wp\/v2\/media\/4466"}],"wp:attachment":[{"href":"https:\/\/zspbierdzany.pl\/index.php\/wp-json\/wp\/v2\/media?parent=4458"}],"wp:term":[{"taxonomy":"category","embeddable":true,"href":"https:\/\/zspbierdzany.pl\/index.php\/wp-json\/wp\/v2\/categories?post=4458"},{"taxonomy":"post_tag","embeddable":true,"href":"https:\/\/zspbierdzany.pl\/index.php\/wp-json\/wp\/v2\/tags?post=4458"}],"curies":[{"name":"wp","href":"https:\/\/api.w.org\/{rel}","templated":true}]}}