{"id":4586,"date":"2024-12-04T13:43:53","date_gmt":"2024-12-04T13:43:53","guid":{"rendered":"https:\/\/zspbierdzany.pl\/?p=4586"},"modified":"2024-12-04T13:43:53","modified_gmt":"2024-12-04T13:43:53","slug":"pasowanie-na-przedszkolaka-3","status":"publish","type":"post","link":"https:\/\/zspbierdzany.pl\/index.php\/2024\/12\/04\/pasowanie-na-przedszkolaka-3\/","title":{"rendered":"Pasowanie na przedszkolaka"},"content":{"rendered":"<p>W pi\u0105tek 22.11 w naszym przedszkolu odby\u0142o si\u0119 uroczyste pasowanie na przedszkolaka.<br \/>\nDzieci pi\u0119knie zaprezentowa\u0142y kr\u00f3tki wyst\u0119p artystyczny po kt\u00f3rym nast\u0105pi\u0142o pasowanie zaczarowanym o\u0142\u00f3wkiem.<br \/>\nMaluchy oficjalnie do\u0142\u0105czy\u0142y do grona przedszkolak\u00f3w a starsze dzieci sta\u0142y si\u0119 &#8222;starszakami&#8221;.<br \/>\nWszystkie dzieci otrzyma\u0142y na pami\u0105tk\u0119 tego wa\u017cnego wydarzenia pi\u0119kne medale.<\/p>\n<div id='gallery-1' class='gallery galleryid-4586 gallery-columns-3 gallery-size-thumbnail'><figure class='gallery-item'>\n\t\t\t<div class='gallery-icon landscape'>\n\t\t\t\t<a href='https:\/\/zspbierdzany.pl\/index.php\/2024\/12\/04\/pasowanie-na-przedszkolaka-3\/img-20241122-wa0050\/'><img loading=\"lazy\" decoding=\"async\" width=\"150\" height=\"150\" src=\"https:\/\/zspbierdzany.pl\/wp-content\/uploads\/2024\/12\/img-20241122-wa0050-150x150.jpg\" class=\"attachment-thumbnail size-thumbnail\" alt=\"\" sizes=\"(max-width: 34.9rem) calc(100vw - 2rem), (max-width: 53rem) calc(8 * (100vw \/ 12)), (min-width: 53rem) calc(6 * (100vw \/ 12)), 100vw\" \/><\/a>\n\t\t\t<\/div><\/figure><figure class='gallery-item'>\n\t\t\t<div class='gallery-icon landscape'>\n\t\t\t\t<a href='https:\/\/zspbierdzany.pl\/index.php\/2024\/12\/04\/pasowanie-na-przedszkolaka-3\/img-20241122-wa0029\/'><img loading=\"lazy\" decoding=\"async\" width=\"150\" height=\"150\" src=\"https:\/\/zspbierdzany.pl\/wp-content\/uploads\/2024\/12\/img-20241122-wa0029-150x150.jpg\" class=\"attachment-thumbnail size-thumbnail\" alt=\"\" sizes=\"(max-width: 34.9rem) calc(100vw - 2rem), (max-width: 53rem) calc(8 * (100vw \/ 12)), (min-width: 53rem) calc(6 * (100vw \/ 12)), 100vw\" \/><\/a>\n\t\t\t<\/div><\/figure><figure class='gallery-item'>\n\t\t\t<div class='gallery-icon portrait'>\n\t\t\t\t<a href='https:\/\/zspbierdzany.pl\/index.php\/2024\/12\/04\/pasowanie-na-przedszkolaka-3\/img-20241122-wa0024\/'><img loading=\"lazy\" decoding=\"async\" width=\"150\" height=\"150\" src=\"https:\/\/zspbierdzany.pl\/wp-content\/uploads\/2024\/12\/img-20241122-wa0024-150x150.jpg\" class=\"attachment-thumbnail size-thumbnail\" alt=\"\" sizes=\"(max-width: 34.9rem) calc(100vw - 2rem), (max-width: 53rem) calc(8 * (100vw \/ 12)), (min-width: 53rem) calc(6 * (100vw \/ 12)), 100vw\" \/><\/a>\n\t\t\t<\/div><\/figure><figure class='gallery-item'>\n\t\t\t<div class='gallery-icon portrait'>\n\t\t\t\t<a href='https:\/\/zspbierdzany.pl\/index.php\/2024\/12\/04\/pasowanie-na-przedszkolaka-3\/img-20241122-wa0045\/'><img loading=\"lazy\" decoding=\"async\" width=\"150\" height=\"150\" src=\"https:\/\/zspbierdzany.pl\/wp-content\/uploads\/2024\/12\/img-20241122-wa0045-150x150.jpg\" class=\"attachment-thumbnail size-thumbnail\" alt=\"\" sizes=\"(max-width: 34.9rem) calc(100vw - 2rem), (max-width: 53rem) calc(8 * (100vw \/ 12)), (min-width: 53rem) calc(6 * (100vw \/ 12)), 100vw\" \/><\/a>\n\t\t\t<\/div><\/figure>\n\t\t<\/div>\n\n","protected":false},"excerpt":{"rendered":"<p>W pi\u0105tek 22.11 w naszym przedszkolu odby\u0142o si\u0119 uroczyste pasowanie na przedszkolaka. Dzieci pi\u0119knie zaprezentowa\u0142y kr\u00f3tki wyst\u0119p artystyczny po kt\u00f3rym nast\u0105pi\u0142o pasowanie zaczarowanym o\u0142\u00f3wkiem. Maluchy oficjalnie do\u0142\u0105czy\u0142y do grona przedszkolak\u00f3w a starsze dzieci sta\u0142y si\u0119 &#8222;starszakami&#8221;. Wszystkie dzieci otrzyma\u0142y na pami\u0105tk\u0119 tego wa\u017cnego wydarzenia pi\u0119kne medale.<\/p>\n","protected":false},"author":2,"featured_media":4587,"comment_status":"open","ping_status":"open","sticky":false,"template":"","format":"standard","meta":{"footnotes":""},"categories":[1],"tags":[],"_links":{"self":[{"href":"https:\/\/zspbierdzany.pl\/index.php\/wp-json\/wp\/v2\/posts\/4586"}],"collection":[{"href":"https:\/\/zspbierdzany.pl\/index.php\/wp-json\/wp\/v2\/posts"}],"about":[{"href":"https:\/\/zspbierdzany.pl\/index.php\/wp-json\/wp\/v2\/types\/post"}],"author":[{"embeddable":true,"href":"https:\/\/zspbierdzany.pl\/index.php\/wp-json\/wp\/v2\/users\/2"}],"replies":[{"embeddable":true,"href":"https:\/\/zspbierdzany.pl\/index.php\/wp-json\/wp\/v2\/comments?post=4586"}],"version-history":[{"count":1,"href":"https:\/\/zspbierdzany.pl\/index.php\/wp-json\/wp\/v2\/posts\/4586\/revisions"}],"predecessor-version":[{"id":4591,"href":"https:\/\/zspbierdzany.pl\/index.php\/wp-json\/wp\/v2\/posts\/4586\/revisions\/4591"}],"wp:featuredmedia":[{"embeddable":true,"href":"https:\/\/zspbierdzany.pl\/index.php\/wp-json\/wp\/v2\/media\/4587"}],"wp:attachment":[{"href":"https:\/\/zspbierdzany.pl\/index.php\/wp-json\/wp\/v2\/media?parent=4586"}],"wp:term":[{"taxonomy":"category","embeddable":true,"href":"https:\/\/zspbierdzany.pl\/index.php\/wp-json\/wp\/v2\/categories?post=4586"},{"taxonomy":"post_tag","embeddable":true,"href":"https:\/\/zspbierdzany.pl\/index.php\/wp-json\/wp\/v2\/tags?post=4586"}],"curies":[{"name":"wp","href":"https:\/\/api.w.org\/{rel}","templated":true}]}}