{"id":4615,"date":"2025-01-03T09:09:11","date_gmt":"2025-01-03T09:09:11","guid":{"rendered":"https:\/\/zspbierdzany.pl\/?p=4615"},"modified":"2025-01-03T09:09:11","modified_gmt":"2025-01-03T09:09:11","slug":"wigilia-w-przedszkolu-2","status":"publish","type":"post","link":"https:\/\/zspbierdzany.pl\/index.php\/2025\/01\/03\/wigilia-w-przedszkolu-2\/","title":{"rendered":"Wigilia w przedszkolu"},"content":{"rendered":"<p>\u015awi\u0119ta Bo\u017cego Narodzenia to niew\u0105tpliwie magiczny czas w roku. Rozpoczynaj\u0105 si\u0119 Wigili\u0105 kt\u00f3ra w naszym przedszkolu mia\u0142a miejsce 20 grudnia.<br \/>\nDzieci w od\u015bwi\u0119tnych strojach zaprezentowa\u0142y pi\u0119kny wyst\u0119p artystyczny kt\u00f3ry wprowadzi\u0142 wszystkich w \u015bwi\u0105teczn\u0105 atmosfer\u0119.<br \/>\nUnosz\u0105cy si\u0119 w powietrzu zapach mandarynek i w\u0142asnor\u0119cznie upieczonych pierniczk\u00f3w oraz d\u017awi\u0119k kol\u0119d wype\u0142nia\u0142y sal\u0119.<br \/>\nJak co roku pani Dyrektor z\u0142o\u017cy\u0142a dzieciom \u015bwi\u0105teczne \u017cyczenia i podzieli\u0142a si\u0119 z nimi op\u0142atkiem.<br \/>\nNie mog\u0142o zabrakn\u0105\u0107 r\u00f3wnie\u017c prezent\u00f3w za kt\u00f3re serdecznie dzi\u0119kujemy w\u0142a\u015bcicielom sklepu Delikatesy Centrum w Bierdzanach.<\/p>\n<div id='gallery-1' class='gallery galleryid-4615 gallery-columns-3 gallery-size-thumbnail'><figure class='gallery-item'>\n\t\t\t<div class='gallery-icon landscape'>\n\t\t\t\t<a href='https:\/\/zspbierdzany.pl\/index.php\/2025\/01\/03\/wigilia-w-przedszkolu-2\/20241220_100857\/'><img loading=\"lazy\" decoding=\"async\" width=\"150\" height=\"150\" src=\"https:\/\/zspbierdzany.pl\/wp-content\/uploads\/2025\/01\/20241220_100857-150x150.jpg\" class=\"attachment-thumbnail size-thumbnail\" alt=\"\" sizes=\"(max-width: 34.9rem) calc(100vw - 2rem), (max-width: 53rem) calc(8 * (100vw \/ 12)), (min-width: 53rem) calc(6 * (100vw \/ 12)), 100vw\" \/><\/a>\n\t\t\t<\/div><\/figure><figure class='gallery-item'>\n\t\t\t<div class='gallery-icon portrait'>\n\t\t\t\t<a href='https:\/\/zspbierdzany.pl\/index.php\/2025\/01\/03\/wigilia-w-przedszkolu-2\/img-20241220-wa0014\/'><img loading=\"lazy\" decoding=\"async\" width=\"150\" height=\"150\" src=\"https:\/\/zspbierdzany.pl\/wp-content\/uploads\/2025\/01\/img-20241220-wa0014-150x150.jpg\" class=\"attachment-thumbnail size-thumbnail\" alt=\"\" sizes=\"(max-width: 34.9rem) calc(100vw - 2rem), (max-width: 53rem) calc(8 * (100vw \/ 12)), (min-width: 53rem) calc(6 * (100vw \/ 12)), 100vw\" \/><\/a>\n\t\t\t<\/div><\/figure><figure class='gallery-item'>\n\t\t\t<div class='gallery-icon portrait'>\n\t\t\t\t<a href='https:\/\/zspbierdzany.pl\/index.php\/2025\/01\/03\/wigilia-w-przedszkolu-2\/img-20241220-wa0022\/'><img loading=\"lazy\" decoding=\"async\" width=\"150\" height=\"150\" src=\"https:\/\/zspbierdzany.pl\/wp-content\/uploads\/2025\/01\/img-20241220-wa0022-150x150.jpg\" class=\"attachment-thumbnail size-thumbnail\" alt=\"\" sizes=\"(max-width: 34.9rem) calc(100vw - 2rem), (max-width: 53rem) calc(8 * (100vw \/ 12)), (min-width: 53rem) calc(6 * (100vw \/ 12)), 100vw\" \/><\/a>\n\t\t\t<\/div><\/figure><figure class='gallery-item'>\n\t\t\t<div class='gallery-icon landscape'>\n\t\t\t\t<a href='https:\/\/zspbierdzany.pl\/index.php\/2025\/01\/03\/wigilia-w-przedszkolu-2\/20241220_105750\/'><img loading=\"lazy\" decoding=\"async\" width=\"150\" height=\"150\" src=\"https:\/\/zspbierdzany.pl\/wp-content\/uploads\/2025\/01\/20241220_105750-150x150.jpg\" class=\"attachment-thumbnail size-thumbnail\" alt=\"\" sizes=\"(max-width: 34.9rem) calc(100vw - 2rem), (max-width: 53rem) calc(8 * (100vw \/ 12)), (min-width: 53rem) calc(6 * (100vw \/ 12)), 100vw\" \/><\/a>\n\t\t\t<\/div><\/figure>\n\t\t<\/div>\n\n","protected":false},"excerpt":{"rendered":"<p>\u015awi\u0119ta Bo\u017cego Narodzenia to niew\u0105tpliwie magiczny czas w roku. Rozpoczynaj\u0105 si\u0119 Wigili\u0105 kt\u00f3ra w naszym przedszkolu mia\u0142a miejsce 20 grudnia. Dzieci w od\u015bwi\u0119tnych strojach zaprezentowa\u0142y pi\u0119kny wyst\u0119p artystyczny kt\u00f3ry wprowadzi\u0142 wszystkich w \u015bwi\u0105teczn\u0105 atmosfer\u0119. Unosz\u0105cy si\u0119 w powietrzu zapach mandarynek i w\u0142asnor\u0119cznie upieczonych pierniczk\u00f3w oraz d\u017awi\u0119k kol\u0119d wype\u0142nia\u0142y sal\u0119. Jak co roku pani Dyrektor z\u0142o\u017cy\u0142a &hellip; <\/p>\n<p class=\"link-more\"><a href=\"https:\/\/zspbierdzany.pl\/index.php\/2025\/01\/03\/wigilia-w-przedszkolu-2\/\" class=\"more-link\">Czytaj dalej<span class=\"screen-reader-text\"> Wigilia w przedszkolu<\/span><\/a><\/p>\n","protected":false},"author":2,"featured_media":4619,"comment_status":"open","ping_status":"open","sticky":false,"template":"","format":"standard","meta":{"footnotes":""},"categories":[1],"tags":[],"_links":{"self":[{"href":"https:\/\/zspbierdzany.pl\/index.php\/wp-json\/wp\/v2\/posts\/4615"}],"collection":[{"href":"https:\/\/zspbierdzany.pl\/index.php\/wp-json\/wp\/v2\/posts"}],"about":[{"href":"https:\/\/zspbierdzany.pl\/index.php\/wp-json\/wp\/v2\/types\/post"}],"author":[{"embeddable":true,"href":"https:\/\/zspbierdzany.pl\/index.php\/wp-json\/wp\/v2\/users\/2"}],"replies":[{"embeddable":true,"href":"https:\/\/zspbierdzany.pl\/index.php\/wp-json\/wp\/v2\/comments?post=4615"}],"version-history":[{"count":1,"href":"https:\/\/zspbierdzany.pl\/index.php\/wp-json\/wp\/v2\/posts\/4615\/revisions"}],"predecessor-version":[{"id":4620,"href":"https:\/\/zspbierdzany.pl\/index.php\/wp-json\/wp\/v2\/posts\/4615\/revisions\/4620"}],"wp:featuredmedia":[{"embeddable":true,"href":"https:\/\/zspbierdzany.pl\/index.php\/wp-json\/wp\/v2\/media\/4619"}],"wp:attachment":[{"href":"https:\/\/zspbierdzany.pl\/index.php\/wp-json\/wp\/v2\/media?parent=4615"}],"wp:term":[{"taxonomy":"category","embeddable":true,"href":"https:\/\/zspbierdzany.pl\/index.php\/wp-json\/wp\/v2\/categories?post=4615"},{"taxonomy":"post_tag","embeddable":true,"href":"https:\/\/zspbierdzany.pl\/index.php\/wp-json\/wp\/v2\/tags?post=4615"}],"curies":[{"name":"wp","href":"https:\/\/api.w.org\/{rel}","templated":true}]}}