{"id":4667,"date":"2025-02-21T08:23:44","date_gmt":"2025-02-21T08:23:44","guid":{"rendered":"https:\/\/zspbierdzany.pl\/?p=4667"},"modified":"2025-02-21T08:23:44","modified_gmt":"2025-02-21T08:23:44","slug":"bal-karnawalowy-w-przedszkolu","status":"publish","type":"post","link":"https:\/\/zspbierdzany.pl\/index.php\/2025\/02\/21\/bal-karnawalowy-w-przedszkolu\/","title":{"rendered":"Bal karnawa\u0142owy w przedszkolu"},"content":{"rendered":"<p>30 stycznia odby\u0142 si\u0119 w naszym przedszkolu Bal Karnawa\u0142owy. Tego dnia ju\u017c od rana pojawia\u0142y si\u0119 kolorowe postacie. Dzieci przebrane by\u0142y za bohater\u00f3w znanych bajek, wr\u00f3\u017cki, kr\u00f3lewny, ksi\u0119\u017cniczki, policjanci itp. Nasza sala za\u015b przeobrazi\u0142a si\u0119 w prawdziw\u0105 krain\u0119 lodu.<\/p>\n<p>Wsp\u00f3lna zabawa przynios\u0142a wszystkim wiele rado\u015bci!<\/p>\n<div id='gallery-1' class='gallery galleryid-4667 gallery-columns-3 gallery-size-thumbnail'><figure class='gallery-item'>\n\t\t\t<div class='gallery-icon landscape'>\n\t\t\t\t<a href='https:\/\/zspbierdzany.pl\/index.php\/2025\/02\/21\/bal-karnawalowy-w-przedszkolu\/img-20250221-wa0001\/'><img loading=\"lazy\" decoding=\"async\" width=\"150\" height=\"150\" src=\"https:\/\/zspbierdzany.pl\/wp-content\/uploads\/2025\/02\/IMG-20250221-WA0001-150x150.jpg\" class=\"attachment-thumbnail size-thumbnail\" alt=\"\" sizes=\"(max-width: 34.9rem) calc(100vw - 2rem), (max-width: 53rem) calc(8 * (100vw \/ 12)), (min-width: 53rem) calc(6 * (100vw \/ 12)), 100vw\" \/><\/a>\n\t\t\t<\/div><\/figure><figure class='gallery-item'>\n\t\t\t<div class='gallery-icon portrait'>\n\t\t\t\t<a href='https:\/\/zspbierdzany.pl\/index.php\/2025\/02\/21\/bal-karnawalowy-w-przedszkolu\/img-20250221-wa0000\/'><img loading=\"lazy\" decoding=\"async\" width=\"150\" height=\"150\" src=\"https:\/\/zspbierdzany.pl\/wp-content\/uploads\/2025\/02\/IMG-20250221-WA0000-150x150.jpg\" class=\"attachment-thumbnail size-thumbnail\" alt=\"\" sizes=\"(max-width: 34.9rem) calc(100vw - 2rem), (max-width: 53rem) calc(8 * (100vw \/ 12)), (min-width: 53rem) calc(6 * (100vw \/ 12)), 100vw\" \/><\/a>\n\t\t\t<\/div><\/figure><figure class='gallery-item'>\n\t\t\t<div class='gallery-icon portrait'>\n\t\t\t\t<a href='https:\/\/zspbierdzany.pl\/index.php\/2025\/02\/21\/bal-karnawalowy-w-przedszkolu\/img-20250221-wa0003\/'><img loading=\"lazy\" decoding=\"async\" width=\"150\" height=\"150\" src=\"https:\/\/zspbierdzany.pl\/wp-content\/uploads\/2025\/02\/IMG-20250221-WA0003-150x150.jpg\" class=\"attachment-thumbnail size-thumbnail\" alt=\"\" sizes=\"(max-width: 34.9rem) calc(100vw - 2rem), (max-width: 53rem) calc(8 * (100vw \/ 12)), (min-width: 53rem) calc(6 * (100vw \/ 12)), 100vw\" \/><\/a>\n\t\t\t<\/div><\/figure>\n\t\t<\/div>\n\n","protected":false},"excerpt":{"rendered":"<p>30 stycznia odby\u0142 si\u0119 w naszym przedszkolu Bal Karnawa\u0142owy. Tego dnia ju\u017c od rana pojawia\u0142y si\u0119 kolorowe postacie. Dzieci przebrane by\u0142y za bohater\u00f3w znanych bajek, wr\u00f3\u017cki, kr\u00f3lewny, ksi\u0119\u017cniczki, policjanci itp. Nasza sala za\u015b przeobrazi\u0142a si\u0119 w prawdziw\u0105 krain\u0119 lodu. Wsp\u00f3lna zabawa przynios\u0142a wszystkim wiele rado\u015bci!<\/p>\n","protected":false},"author":2,"featured_media":4671,"comment_status":"open","ping_status":"open","sticky":false,"template":"","format":"standard","meta":{"footnotes":""},"categories":[1],"tags":[],"_links":{"self":[{"href":"https:\/\/zspbierdzany.pl\/index.php\/wp-json\/wp\/v2\/posts\/4667"}],"collection":[{"href":"https:\/\/zspbierdzany.pl\/index.php\/wp-json\/wp\/v2\/posts"}],"about":[{"href":"https:\/\/zspbierdzany.pl\/index.php\/wp-json\/wp\/v2\/types\/post"}],"author":[{"embeddable":true,"href":"https:\/\/zspbierdzany.pl\/index.php\/wp-json\/wp\/v2\/users\/2"}],"replies":[{"embeddable":true,"href":"https:\/\/zspbierdzany.pl\/index.php\/wp-json\/wp\/v2\/comments?post=4667"}],"version-history":[{"count":1,"href":"https:\/\/zspbierdzany.pl\/index.php\/wp-json\/wp\/v2\/posts\/4667\/revisions"}],"predecessor-version":[{"id":4672,"href":"https:\/\/zspbierdzany.pl\/index.php\/wp-json\/wp\/v2\/posts\/4667\/revisions\/4672"}],"wp:featuredmedia":[{"embeddable":true,"href":"https:\/\/zspbierdzany.pl\/index.php\/wp-json\/wp\/v2\/media\/4671"}],"wp:attachment":[{"href":"https:\/\/zspbierdzany.pl\/index.php\/wp-json\/wp\/v2\/media?parent=4667"}],"wp:term":[{"taxonomy":"category","embeddable":true,"href":"https:\/\/zspbierdzany.pl\/index.php\/wp-json\/wp\/v2\/categories?post=4667"},{"taxonomy":"post_tag","embeddable":true,"href":"https:\/\/zspbierdzany.pl\/index.php\/wp-json\/wp\/v2\/tags?post=4667"}],"curies":[{"name":"wp","href":"https:\/\/api.w.org\/{rel}","templated":true}]}}