{"id":4695,"date":"2025-03-24T10:16:21","date_gmt":"2025-03-24T10:16:21","guid":{"rendered":"https:\/\/zspbierdzany.pl\/?p=4695"},"modified":"2025-03-24T10:16:21","modified_gmt":"2025-03-24T10:16:21","slug":"pierwszy-dzien-wiosny-2","status":"publish","type":"post","link":"https:\/\/zspbierdzany.pl\/index.php\/2025\/03\/24\/pierwszy-dzien-wiosny-2\/","title":{"rendered":"PIERWSZY DZIE\u0143 WIOSNY"},"content":{"rendered":"<p>,, Marzanno, Marzanno ty zimowa panno. Dzi\u015b Ci\u0119 utopimy, bo nie chcemy zimy&#8221; W pi\u0105tek 21 marca wszystkie dzieci z naszego Przedszkola \u015bwi\u0119towa\u0142y nadej\u015bcie wiosny. Dla ka\u017cdego przedszkolaka jest to bardzo wyczekiwane wydarzenie. Dzie\u0144 rozpocz\u0119li\u015bmy od rozm\u00f3w o nowej porze roku oraz od weso\u0142ych zabaw przy muzyce. U\u015bmiechni\u0119ci wyruszyli\u015bmy na spacer w okolicy naszego Przedszkola, gdzie po\u017cegnali\u015bmy Zim\u0119 wraz z Marzann\u0105 i gaikiem. Mamy nadziej\u0119, \u017ce dzi\u0119ki zaanga\u017cowaniu naszych przedszkolak\u00f3w wiosna zawita do nas na dobre, a wraz z ni\u0105 ciep\u0142e dni, z kt\u00f3rych b\u0119dziemy czerpa\u0107 rado\u015b\u0107.<\/p>\n<p><span style=\"color: #000000;\">21 marca to nie tylko pierwszy dzie\u0144 wiosny, ale r\u00f3wnie\u017c \u015awiatowy Dzie\u0144 Zespo\u0142u Downa. Znakiem solidarno\u015bci z chorymi od kilku lat jest w\u0142o\u017cenie tego dnia dw\u00f3ch r\u00f3\u017cnych skarpetek \u2013 najlepiej w weso\u0142ych kolorach. Skarpetki nie do pary maj\u0105 symbolizowa\u0107 niedopasowanie spo\u0142eczne i genotypowe. Weso\u0142e kolory z kolei s\u0105 symbolem tolerancji.<\/span><\/p>\n<div id='gallery-1' class='gallery galleryid-4695 gallery-columns-3 gallery-size-thumbnail'><figure class='gallery-item'>\n\t\t\t<div class='gallery-icon portrait'>\n\t\t\t\t<a href='https:\/\/zspbierdzany.pl\/index.php\/2025\/03\/24\/pierwszy-dzien-wiosny-2\/img-20250321-wa0006\/'><img loading=\"lazy\" decoding=\"async\" width=\"150\" height=\"150\" src=\"https:\/\/zspbierdzany.pl\/wp-content\/uploads\/2025\/03\/IMG-20250321-WA0006-150x150.jpg\" class=\"attachment-thumbnail size-thumbnail\" alt=\"\" sizes=\"(max-width: 34.9rem) calc(100vw - 2rem), (max-width: 53rem) calc(8 * (100vw \/ 12)), (min-width: 53rem) calc(6 * (100vw \/ 12)), 100vw\" \/><\/a>\n\t\t\t<\/div><\/figure><figure class='gallery-item'>\n\t\t\t<div class='gallery-icon landscape'>\n\t\t\t\t<a href='https:\/\/zspbierdzany.pl\/index.php\/2025\/03\/24\/pierwszy-dzien-wiosny-2\/img-20250321-wa0005\/'><img loading=\"lazy\" decoding=\"async\" width=\"150\" height=\"150\" src=\"https:\/\/zspbierdzany.pl\/wp-content\/uploads\/2025\/03\/IMG-20250321-WA0005-150x150.jpg\" class=\"attachment-thumbnail size-thumbnail\" alt=\"\" sizes=\"(max-width: 34.9rem) calc(100vw - 2rem), (max-width: 53rem) calc(8 * (100vw \/ 12)), (min-width: 53rem) calc(6 * (100vw \/ 12)), 100vw\" \/><\/a>\n\t\t\t<\/div><\/figure><figure class='gallery-item'>\n\t\t\t<div class='gallery-icon portrait'>\n\t\t\t\t<a href='https:\/\/zspbierdzany.pl\/index.php\/2025\/03\/24\/pierwszy-dzien-wiosny-2\/img-20250321-wa0002\/'><img loading=\"lazy\" decoding=\"async\" width=\"150\" height=\"150\" src=\"https:\/\/zspbierdzany.pl\/wp-content\/uploads\/2025\/03\/IMG-20250321-WA0002-150x150.jpg\" class=\"attachment-thumbnail size-thumbnail\" alt=\"\" sizes=\"(max-width: 34.9rem) calc(100vw - 2rem), (max-width: 53rem) calc(8 * (100vw \/ 12)), (min-width: 53rem) calc(6 * (100vw \/ 12)), 100vw\" \/><\/a>\n\t\t\t<\/div><\/figure><figure class='gallery-item'>\n\t\t\t<div class='gallery-icon portrait'>\n\t\t\t\t<a href='https:\/\/zspbierdzany.pl\/index.php\/2025\/03\/24\/pierwszy-dzien-wiosny-2\/img-20250321-wa0001\/'><img loading=\"lazy\" decoding=\"async\" width=\"150\" height=\"150\" src=\"https:\/\/zspbierdzany.pl\/wp-content\/uploads\/2025\/03\/IMG-20250321-WA0001-150x150.jpg\" class=\"attachment-thumbnail size-thumbnail\" alt=\"\" sizes=\"(max-width: 34.9rem) calc(100vw - 2rem), (max-width: 53rem) calc(8 * (100vw \/ 12)), (min-width: 53rem) calc(6 * (100vw \/ 12)), 100vw\" \/><\/a>\n\t\t\t<\/div><\/figure>\n\t\t<\/div>\n\n","protected":false},"excerpt":{"rendered":"<p>,, Marzanno, Marzanno ty zimowa panno. Dzi\u015b Ci\u0119 utopimy, bo nie chcemy zimy&#8221; W pi\u0105tek 21 marca wszystkie dzieci z naszego Przedszkola \u015bwi\u0119towa\u0142y nadej\u015bcie wiosny. Dla ka\u017cdego przedszkolaka jest to bardzo wyczekiwane wydarzenie. Dzie\u0144 rozpocz\u0119li\u015bmy od rozm\u00f3w o nowej porze roku oraz od weso\u0142ych zabaw przy muzyce. U\u015bmiechni\u0119ci wyruszyli\u015bmy na spacer w okolicy naszego Przedszkola, &hellip; <\/p>\n<p class=\"link-more\"><a href=\"https:\/\/zspbierdzany.pl\/index.php\/2025\/03\/24\/pierwszy-dzien-wiosny-2\/\" class=\"more-link\">Czytaj dalej<span class=\"screen-reader-text\"> PIERWSZY DZIE\u0143 WIOSNY<\/span><\/a><\/p>\n","protected":false},"author":2,"featured_media":4696,"comment_status":"open","ping_status":"open","sticky":false,"template":"","format":"standard","meta":{"footnotes":""},"categories":[1],"tags":[],"_links":{"self":[{"href":"https:\/\/zspbierdzany.pl\/index.php\/wp-json\/wp\/v2\/posts\/4695"}],"collection":[{"href":"https:\/\/zspbierdzany.pl\/index.php\/wp-json\/wp\/v2\/posts"}],"about":[{"href":"https:\/\/zspbierdzany.pl\/index.php\/wp-json\/wp\/v2\/types\/post"}],"author":[{"embeddable":true,"href":"https:\/\/zspbierdzany.pl\/index.php\/wp-json\/wp\/v2\/users\/2"}],"replies":[{"embeddable":true,"href":"https:\/\/zspbierdzany.pl\/index.php\/wp-json\/wp\/v2\/comments?post=4695"}],"version-history":[{"count":1,"href":"https:\/\/zspbierdzany.pl\/index.php\/wp-json\/wp\/v2\/posts\/4695\/revisions"}],"predecessor-version":[{"id":4700,"href":"https:\/\/zspbierdzany.pl\/index.php\/wp-json\/wp\/v2\/posts\/4695\/revisions\/4700"}],"wp:featuredmedia":[{"embeddable":true,"href":"https:\/\/zspbierdzany.pl\/index.php\/wp-json\/wp\/v2\/media\/4696"}],"wp:attachment":[{"href":"https:\/\/zspbierdzany.pl\/index.php\/wp-json\/wp\/v2\/media?parent=4695"}],"wp:term":[{"taxonomy":"category","embeddable":true,"href":"https:\/\/zspbierdzany.pl\/index.php\/wp-json\/wp\/v2\/categories?post=4695"},{"taxonomy":"post_tag","embeddable":true,"href":"https:\/\/zspbierdzany.pl\/index.php\/wp-json\/wp\/v2\/tags?post=4695"}],"curies":[{"name":"wp","href":"https:\/\/api.w.org\/{rel}","templated":true}]}}