{"id":4801,"date":"2025-06-30T06:43:05","date_gmt":"2025-06-30T06:43:05","guid":{"rendered":"https:\/\/zspbierdzany.pl\/?p=4801"},"modified":"2025-06-30T06:43:05","modified_gmt":"2025-06-30T06:43:05","slug":"pozegnanie-starszakow","status":"publish","type":"post","link":"https:\/\/zspbierdzany.pl\/index.php\/2025\/06\/30\/pozegnanie-starszakow\/","title":{"rendered":"Po\u017cegnanie Starszak\u00f3w"},"content":{"rendered":"<p>,, Przedszkole, przedszkole, ulubione miejsce moje, tu chc\u0119 zosta\u0107 jeszcze troch\u0119, zanim p\u00f3jd\u0119 w dalsz\u0105 drog\u0119 &#8221; Tak starszaki w dniu 26.06.2025 \u017cegna\u0142y si\u0119 z przedszkolem. Ten dzie\u0144 by\u0142 dla nich pe\u0142en wzrusze\u0144, wspomnie\u0144 i podzi\u0119kowa\u0144. Podczas cz\u0119\u015bci artystycznej , przedszkolaki zaprezentowa\u0142y pi\u0119kne wiersze, za\u015bpiewa\u0142y piosenki. Na koniec przyszed\u0142 czas na nagrody i podzi\u0119kowania. Pani dyrektor dzi\u0119kowa\u0142a dzieciom za przedstawienie i \u017cyczy\u0142a sukces\u00f3w w szkole, natomiast rodzicom dzi\u0119kowa\u0142a za szczeg\u00f3lne zaanga\u017cowanie w prac\u0119 przedszkola. Ze wzruszeniem w sercach, ale i u\u015bmiechem na ustach \u017cyczymy Wam drogie starszaki. ,, Udanych wakacji i powodzenia w szkole!!!&#8221;<\/p>\n<div id='gallery-1' class='gallery galleryid-4801 gallery-columns-3 gallery-size-thumbnail'><figure class='gallery-item'>\n\t\t\t<div class='gallery-icon landscape'>\n\t\t\t\t<a href='https:\/\/zspbierdzany.pl\/index.php\/2025\/06\/30\/pozegnanie-starszakow\/img-20250630-wa0000\/'><img loading=\"lazy\" decoding=\"async\" width=\"150\" height=\"150\" src=\"https:\/\/zspbierdzany.pl\/wp-content\/uploads\/2025\/06\/IMG-20250630-WA0000-150x150.jpg\" class=\"attachment-thumbnail size-thumbnail\" alt=\"\" sizes=\"(max-width: 34.9rem) calc(100vw - 2rem), (max-width: 53rem) calc(8 * (100vw \/ 12)), (min-width: 53rem) calc(6 * (100vw \/ 12)), 100vw\" \/><\/a>\n\t\t\t<\/div><\/figure><figure class='gallery-item'>\n\t\t\t<div class='gallery-icon landscape'>\n\t\t\t\t<a href='https:\/\/zspbierdzany.pl\/index.php\/2025\/06\/30\/pozegnanie-starszakow\/img-20250630-wa0001\/'><img loading=\"lazy\" decoding=\"async\" width=\"150\" height=\"150\" src=\"https:\/\/zspbierdzany.pl\/wp-content\/uploads\/2025\/06\/IMG-20250630-WA0001-150x150.jpg\" class=\"attachment-thumbnail size-thumbnail\" alt=\"\" sizes=\"(max-width: 34.9rem) calc(100vw - 2rem), (max-width: 53rem) calc(8 * (100vw \/ 12)), (min-width: 53rem) calc(6 * (100vw \/ 12)), 100vw\" \/><\/a>\n\t\t\t<\/div><\/figure><figure class='gallery-item'>\n\t\t\t<div class='gallery-icon landscape'>\n\t\t\t\t<a href='https:\/\/zspbierdzany.pl\/index.php\/2025\/06\/30\/pozegnanie-starszakow\/img-20250630-wa0002\/'><img loading=\"lazy\" decoding=\"async\" width=\"150\" height=\"150\" src=\"https:\/\/zspbierdzany.pl\/wp-content\/uploads\/2025\/06\/IMG-20250630-WA0002-150x150.jpg\" class=\"attachment-thumbnail size-thumbnail\" alt=\"\" sizes=\"(max-width: 34.9rem) calc(100vw - 2rem), (max-width: 53rem) calc(8 * (100vw \/ 12)), (min-width: 53rem) calc(6 * (100vw \/ 12)), 100vw\" \/><\/a>\n\t\t\t<\/div><\/figure><figure class='gallery-item'>\n\t\t\t<div class='gallery-icon landscape'>\n\t\t\t\t<a href='https:\/\/zspbierdzany.pl\/index.php\/2025\/06\/30\/pozegnanie-starszakow\/img-20250630-wa0003\/'><img loading=\"lazy\" decoding=\"async\" width=\"150\" height=\"150\" src=\"https:\/\/zspbierdzany.pl\/wp-content\/uploads\/2025\/06\/IMG-20250630-WA0003-150x150.jpg\" class=\"attachment-thumbnail size-thumbnail\" alt=\"\" sizes=\"(max-width: 34.9rem) calc(100vw - 2rem), (max-width: 53rem) calc(8 * (100vw \/ 12)), (min-width: 53rem) calc(6 * (100vw \/ 12)), 100vw\" \/><\/a>\n\t\t\t<\/div><\/figure>\n\t\t<\/div>\n\n","protected":false},"excerpt":{"rendered":"<p>,, Przedszkole, przedszkole, ulubione miejsce moje, tu chc\u0119 zosta\u0107 jeszcze troch\u0119, zanim p\u00f3jd\u0119 w dalsz\u0105 drog\u0119 &#8221; Tak starszaki w dniu 26.06.2025 \u017cegna\u0142y si\u0119 z przedszkolem. Ten dzie\u0144 by\u0142 dla nich pe\u0142en wzrusze\u0144, wspomnie\u0144 i podzi\u0119kowa\u0144. Podczas cz\u0119\u015bci artystycznej , przedszkolaki zaprezentowa\u0142y pi\u0119kne wiersze, za\u015bpiewa\u0142y piosenki. Na koniec przyszed\u0142 czas na nagrody i podzi\u0119kowania. Pani &hellip; <\/p>\n<p class=\"link-more\"><a href=\"https:\/\/zspbierdzany.pl\/index.php\/2025\/06\/30\/pozegnanie-starszakow\/\" class=\"more-link\">Czytaj dalej<span class=\"screen-reader-text\"> Po\u017cegnanie Starszak\u00f3w<\/span><\/a><\/p>\n","protected":false},"author":2,"featured_media":4802,"comment_status":"open","ping_status":"open","sticky":false,"template":"","format":"standard","meta":{"footnotes":""},"categories":[1],"tags":[],"_links":{"self":[{"href":"https:\/\/zspbierdzany.pl\/index.php\/wp-json\/wp\/v2\/posts\/4801"}],"collection":[{"href":"https:\/\/zspbierdzany.pl\/index.php\/wp-json\/wp\/v2\/posts"}],"about":[{"href":"https:\/\/zspbierdzany.pl\/index.php\/wp-json\/wp\/v2\/types\/post"}],"author":[{"embeddable":true,"href":"https:\/\/zspbierdzany.pl\/index.php\/wp-json\/wp\/v2\/users\/2"}],"replies":[{"embeddable":true,"href":"https:\/\/zspbierdzany.pl\/index.php\/wp-json\/wp\/v2\/comments?post=4801"}],"version-history":[{"count":1,"href":"https:\/\/zspbierdzany.pl\/index.php\/wp-json\/wp\/v2\/posts\/4801\/revisions"}],"predecessor-version":[{"id":4806,"href":"https:\/\/zspbierdzany.pl\/index.php\/wp-json\/wp\/v2\/posts\/4801\/revisions\/4806"}],"wp:featuredmedia":[{"embeddable":true,"href":"https:\/\/zspbierdzany.pl\/index.php\/wp-json\/wp\/v2\/media\/4802"}],"wp:attachment":[{"href":"https:\/\/zspbierdzany.pl\/index.php\/wp-json\/wp\/v2\/media?parent=4801"}],"wp:term":[{"taxonomy":"category","embeddable":true,"href":"https:\/\/zspbierdzany.pl\/index.php\/wp-json\/wp\/v2\/categories?post=4801"},{"taxonomy":"post_tag","embeddable":true,"href":"https:\/\/zspbierdzany.pl\/index.php\/wp-json\/wp\/v2\/tags?post=4801"}],"curies":[{"name":"wp","href":"https:\/\/api.w.org\/{rel}","templated":true}]}}