{"id":4808,"date":"2025-08-11T09:48:32","date_gmt":"2025-08-11T09:48:32","guid":{"rendered":"https:\/\/zspbierdzany.pl\/?p=4808"},"modified":"2025-08-11T09:48:32","modified_gmt":"2025-08-11T09:48:32","slug":"wycieczka-do-opola-2","status":"publish","type":"post","link":"https:\/\/zspbierdzany.pl\/index.php\/2025\/08\/11\/wycieczka-do-opola-2\/","title":{"rendered":"Wycieczka do Opola"},"content":{"rendered":"<p align=\"justify\"><span style=\"font-family: Times New Roman, serif;\"><span style=\"font-size: medium;\">4 czerwca uczniowie naszej szko\u0142y pojechali na wycieczk\u0119 do Opola. Wycieczka rozpocz\u0119\u0142a si\u0119 od obejrzenia w kinie Helios filmu pt. \u201eJeden na milion\u201d, kt\u00f3ry opowiada histori\u0119 ch\u0142opca w spektrum autyzmu. <\/span><\/span><span style=\"font-family: Times New Roman, serif;\"><span style=\"font-size: medium;\">Nast\u0119pnie dzieci zwiedzi\u0142y Muzeum Wsi Opolskiej, gdzie mia\u0142y okazj\u0119 poszerzy\u0107 swoj\u0105 wiedz\u0119 na temat historii, tradycji i kultury naszego regionu.<\/span><\/span><\/p>\n<div id='gallery-1' class='gallery galleryid-4808 gallery-columns-3 gallery-size-thumbnail'><figure class='gallery-item'>\n\t\t\t<div class='gallery-icon landscape'>\n\t\t\t\t<a href='https:\/\/zspbierdzany.pl\/index.php\/2025\/08\/11\/wycieczka-do-opola-2\/img20250604121347\/'><img loading=\"lazy\" decoding=\"async\" width=\"150\" height=\"150\" src=\"https:\/\/zspbierdzany.pl\/wp-content\/uploads\/2025\/08\/IMG20250604121347-150x150.jpg\" class=\"attachment-thumbnail size-thumbnail\" alt=\"\" sizes=\"(max-width: 34.9rem) calc(100vw - 2rem), (max-width: 53rem) calc(8 * (100vw \/ 12)), (min-width: 53rem) calc(6 * (100vw \/ 12)), 100vw\" \/><\/a>\n\t\t\t<\/div><\/figure><figure class='gallery-item'>\n\t\t\t<div class='gallery-icon landscape'>\n\t\t\t\t<a href='https:\/\/zspbierdzany.pl\/index.php\/2025\/08\/11\/wycieczka-do-opola-2\/img20250604125601\/'><img loading=\"lazy\" decoding=\"async\" width=\"150\" height=\"150\" src=\"https:\/\/zspbierdzany.pl\/wp-content\/uploads\/2025\/08\/IMG20250604125601-150x150.jpg\" class=\"attachment-thumbnail size-thumbnail\" alt=\"\" sizes=\"(max-width: 34.9rem) calc(100vw - 2rem), (max-width: 53rem) calc(8 * (100vw \/ 12)), (min-width: 53rem) calc(6 * (100vw \/ 12)), 100vw\" \/><\/a>\n\t\t\t<\/div><\/figure>\n\t\t<\/div>\n\n","protected":false},"excerpt":{"rendered":"<p>4 czerwca uczniowie naszej szko\u0142y pojechali na wycieczk\u0119 do Opola. Wycieczka rozpocz\u0119\u0142a si\u0119 od obejrzenia w kinie Helios filmu pt. \u201eJeden na milion\u201d, kt\u00f3ry opowiada histori\u0119 ch\u0142opca w spektrum autyzmu. Nast\u0119pnie dzieci zwiedzi\u0142y Muzeum Wsi Opolskiej, gdzie mia\u0142y okazj\u0119 poszerzy\u0107 swoj\u0105 wiedz\u0119 na temat historii, tradycji i kultury naszego regionu.<\/p>\n","protected":false},"author":2,"featured_media":4812,"comment_status":"open","ping_status":"open","sticky":false,"template":"","format":"standard","meta":{"footnotes":""},"categories":[1],"tags":[],"_links":{"self":[{"href":"https:\/\/zspbierdzany.pl\/index.php\/wp-json\/wp\/v2\/posts\/4808"}],"collection":[{"href":"https:\/\/zspbierdzany.pl\/index.php\/wp-json\/wp\/v2\/posts"}],"about":[{"href":"https:\/\/zspbierdzany.pl\/index.php\/wp-json\/wp\/v2\/types\/post"}],"author":[{"embeddable":true,"href":"https:\/\/zspbierdzany.pl\/index.php\/wp-json\/wp\/v2\/users\/2"}],"replies":[{"embeddable":true,"href":"https:\/\/zspbierdzany.pl\/index.php\/wp-json\/wp\/v2\/comments?post=4808"}],"version-history":[{"count":1,"href":"https:\/\/zspbierdzany.pl\/index.php\/wp-json\/wp\/v2\/posts\/4808\/revisions"}],"predecessor-version":[{"id":4811,"href":"https:\/\/zspbierdzany.pl\/index.php\/wp-json\/wp\/v2\/posts\/4808\/revisions\/4811"}],"wp:featuredmedia":[{"embeddable":true,"href":"https:\/\/zspbierdzany.pl\/index.php\/wp-json\/wp\/v2\/media\/4812"}],"wp:attachment":[{"href":"https:\/\/zspbierdzany.pl\/index.php\/wp-json\/wp\/v2\/media?parent=4808"}],"wp:term":[{"taxonomy":"category","embeddable":true,"href":"https:\/\/zspbierdzany.pl\/index.php\/wp-json\/wp\/v2\/categories?post=4808"},{"taxonomy":"post_tag","embeddable":true,"href":"https:\/\/zspbierdzany.pl\/index.php\/wp-json\/wp\/v2\/tags?post=4808"}],"curies":[{"name":"wp","href":"https:\/\/api.w.org\/{rel}","templated":true}]}}